{"id":9165,"date":"2025-05-20T08:15:21","date_gmt":"2025-05-20T06:15:21","guid":{"rendered":"https:\/\/www.proteinsecta.com\/?p=9165"},"modified":"2026-03-16T10:01:34","modified_gmt":"2026-03-16T09:01:34","slug":"dia-mundial-de-las-abejas-polinizadores-en-peligro-de-extincion","status":"publish","type":"post","link":"https:\/\/www.proteinsecta.com\/en\/2025\/05\/20\/dia-mundial-de-las-abejas-polinizadores-en-peligro-de-extincion\/","title":{"rendered":"D\u00eda Mundial de las Abejas\ud83d\udc1d: polinizadores en peligro de extinci\u00f3n"},"content":{"rendered":"<p>Ya hemos hablado de la importancia de los insectos en el equilibrio de los ecosistemas. Entre ellos destacan los insectos polinizadores porque gracias a ellos se mantiene la biodiversidad de las diferentes especies de fauna y flora en el planeta. Las abejas son de los polinizadores m\u00e1s conocidos y aportan m\u00faltiples beneficios ambientales. En el D\u00eda Mundial de las Abejas, 20 de mayo, queremos desatacar su labor esencial en la vida del planeta y la dif\u00edcil situaci\u00f3n que est\u00e1n pasando estos insectos polinizadores en peligro de extinci\u00f3n por la destrucci\u00f3n de sus h\u00e1bitats.<\/p>\n<h2>Sin abejas no hay vida<\/h2>\n<div class=\"\">Las <a href=\"https:\/\/www.proteinsecta.com\/en\/2025\/05\/05\/la-disminucion-de-las-poblaciones-de-insectos-un-reto-global\/\">poblaciones de insectos est\u00e1n disminuyendo<\/a> notablemente, y las m\u00e1s afectadas son las abejas debido a la p\u00e9rdida de h\u00e1bitats, pr\u00e1cticas agr\u00edcolas poco responsables con el medio ambiente, la contaminaci\u00f3n y el cambio clim\u00e1tico. Esta situaci\u00f3n pone en peligro a toda la cadena de producci\u00f3n alimentaria y, por tanto, nos afecta a las personas y a nuestro planeta tanto a nivel econ\u00f3mico como ambiental.<\/div>\n<div><\/div>\n<div>\n<div class=\"\">Desde 2018, el 20 de mayo se celebra el D\u00eda Mundial de las Abejas. Este tipo de insectos es uno de los mayores polinizadores en el mundo que contribuye, no solo a la protecci\u00f3n de los ecosistemas y del medio ambiente, sino que tiene un papel esencial en la agricultura. Seg\u00fan la FAO (la Organizaci\u00f3n de las Naciones Unidas para la Alimentaci\u00f3n y la Agricultura), la polinizaci\u00f3n interviene en el 35% de la producci\u00f3n agr\u00edcola mundial.<\/div>\n<\/div>\n<h2><img loading=\"lazy\" decoding=\"async\" class=\"wp-image-9167 aligncenter\" src=\"https:\/\/www.proteinsecta.com\/wp-content\/uploads\/2025\/05\/imagen-portada-blog-prote-5-300x169.png\" alt=\"\" width=\"541\" height=\"305\" srcset=\"https:\/\/www.proteinsecta.com\/wp-content\/uploads\/2025\/05\/imagen-portada-blog-prote-5-300x169.png 300w, https:\/\/www.proteinsecta.com\/wp-content\/uploads\/2025\/05\/imagen-portada-blog-prote-5-1024x576.png 1024w, https:\/\/www.proteinsecta.com\/wp-content\/uploads\/2025\/05\/imagen-portada-blog-prote-5-768x432.png 768w, https:\/\/www.proteinsecta.com\/wp-content\/uploads\/2025\/05\/imagen-portada-blog-prote-5-1536x864.png 1536w, https:\/\/www.proteinsecta.com\/wp-content\/uploads\/2025\/05\/imagen-portada-blog-prote-5-18x10.png 18w, https:\/\/www.proteinsecta.com\/wp-content\/uploads\/2025\/05\/imagen-portada-blog-prote-5-360x203.png 360w, https:\/\/www.proteinsecta.com\/wp-content\/uploads\/2025\/05\/imagen-portada-blog-prote-5-600x338.png 600w, https:\/\/www.proteinsecta.com\/wp-content\/uploads\/2025\/05\/imagen-portada-blog-prote-5.png 1920w\" sizes=\"(max-width: 541px) 100vw, 541px\" \/><\/h2>\n<h2>El papel de los polinizadores en la cadena alimentaria<\/h2>\n<div><span class=\"OYPEnA font-feature-liga-off font-feature-clig-off font-feature-calt-off text-decoration-none text-strikethrough-none\">Las abejas y los polinizadores contribuyen a proteger la biodiversidad y la salud de los ecosistemas, entre ellos los cultivos. La polinizaci\u00f3n es esencial para los <a href=\"https:\/\/asetaga.com\/2025\/01\/28\/desafios-clave-de-la-industria-agroalimentaria-para-el-2025\/\">sistemas agroalimentarios<\/a>: contribuye a mejorar la producci\u00f3n de los cultivos y la diversidad de especies, adem\u00e1s de la calidad y la seguridad de los alimentos.<\/span><\/div>\n<div><\/div>\n<div>\n<div class=\"\">La necesidad de protegerlas es urgente, ya que contribuyen en la seguridad alimentaria y en la preservaci\u00f3n de la biodiversidad a nivel global. Es por ello que cada vez se optan m\u00e1s por alternativas agr\u00edcolas sostenibles y se llevan a cabo acciones para combatir el cambio clim\u00e1tico y proteger los h\u00e1bitats de las abejas y otros polinizadores.<\/div>\n<\/div>\n<div><\/div>\n<div><\/div>\n<div>\n<div class=\"\"><\/div>\n<\/div>","protected":false},"excerpt":{"rendered":"<p>Ya hemos hablado de la importancia de los insectos en el equilibrio de los ecosistemas. Entre ellos destacan los insectos polinizadores porque gracias a ellos se mantiene la biodiversidad de las diferentes especies de fauna y flora en el planeta. &hellip; <\/p>","protected":false},"author":2,"featured_media":9166,"comment_status":"closed","ping_status":"open","sticky":false,"template":"","format":"standard","meta":{"_acf_changed":false,"inline_featured_image":false,"footnotes":""},"categories":[1],"tags":[],"class_list":["post-9165","post","type-post","status-publish","format-standard","has-post-thumbnail","hentry","category-sin-categoria"],"acf":[],"yoast_head":"<!-- This site is optimized with the Yoast SEO plugin v23.6 - https:\/\/yoast.com\/wordpress\/plugins\/seo\/ -->\n<title>D\u00eda Mundial de las Abejas\ud83d\udc1d: polinizadores en peligro de extinci\u00f3n - Proteinsecta<\/title>\n<meta name=\"description\" content=\"D\u00eda Mundial de las Abejas: polinizadores en peligro de extinci\u00f3n. La p\u00e9rdida de h\u00e1bitats y el cambio clim\u00e1tico sus mayores rivales.\" \/>\n<meta name=\"robots\" content=\"index, follow, max-snippet:-1, max-image-preview:large, max-video-preview:-1\" \/>\n<link rel=\"canonical\" href=\"https:\/\/www.proteinsecta.com\/en\/2025\/05\/20\/dia-mundial-de-las-abejas-polinizadores-en-peligro-de-extincion\/\" \/>\n<meta property=\"og:locale\" content=\"en_US\" \/>\n<meta property=\"og:type\" content=\"article\" \/>\n<meta property=\"og:title\" content=\"D\u00eda Mundial de las Abejas\ud83d\udc1d: polinizadores en peligro de extinci\u00f3n - Proteinsecta\" \/>\n<meta property=\"og:description\" content=\"D\u00eda Mundial de las Abejas: polinizadores en peligro de extinci\u00f3n. La p\u00e9rdida de h\u00e1bitats y el cambio clim\u00e1tico sus mayores rivales.\" \/>\n<meta property=\"og:url\" content=\"https:\/\/www.proteinsecta.com\/en\/2025\/05\/20\/dia-mundial-de-las-abejas-polinizadores-en-peligro-de-extincion\/\" \/>\n<meta property=\"og:site_name\" content=\"Proteinsecta\" \/>\n<meta property=\"article:publisher\" content=\"https:\/\/es-es.facebook.com\/proteinsecta\/\" \/>\n<meta property=\"article:published_time\" content=\"2025-05-20T06:15:21+00:00\" \/>\n<meta property=\"article:modified_time\" content=\"2026-03-16T09:01:34+00:00\" \/>\n<meta property=\"og:image\" content=\"https:\/\/www.proteinsecta.com\/wp-content\/uploads\/2025\/05\/imagen-portada-blog-prote-4.png\" \/>\n\t<meta property=\"og:image:width\" content=\"1920\" \/>\n\t<meta property=\"og:image:height\" content=\"1080\" \/>\n\t<meta property=\"og:image:type\" content=\"image\/png\" \/>\n<meta name=\"author\" content=\"Proteinsecta\" \/>\n<meta name=\"twitter:card\" content=\"summary_large_image\" \/>\n<meta name=\"twitter:label1\" content=\"Written by\" \/>\n\t<meta name=\"twitter:data1\" content=\"Proteinsecta\" \/>\n\t<meta name=\"twitter:label2\" content=\"Est. reading time\" \/>\n\t<meta name=\"twitter:data2\" content=\"3 minutes\" \/>\n<script type=\"application\/ld+json\" class=\"yoast-schema-graph\">{\"@context\":\"https:\/\/schema.org\",\"@graph\":[{\"@type\":\"Article\",\"@id\":\"https:\/\/www.proteinsecta.com\/2025\/05\/20\/dia-mundial-de-las-abejas-polinizadores-en-peligro-de-extincion\/#article\",\"isPartOf\":{\"@id\":\"https:\/\/www.proteinsecta.com\/2025\/05\/20\/dia-mundial-de-las-abejas-polinizadores-en-peligro-de-extincion\/\"},\"author\":{\"name\":\"Proteinsecta\",\"@id\":\"https:\/\/www.proteinsecta.com\/#\/schema\/person\/dc4ceb0feab68cadf376210f6f3acf18\"},\"headline\":\"D\u00eda Mundial de las Abejas\ud83d\udc1d: polinizadores en peligro de extinci\u00f3n\",\"datePublished\":\"2025-05-20T06:15:21+00:00\",\"dateModified\":\"2026-03-16T09:01:34+00:00\",\"mainEntityOfPage\":{\"@id\":\"https:\/\/www.proteinsecta.com\/2025\/05\/20\/dia-mundial-de-las-abejas-polinizadores-en-peligro-de-extincion\/\"},\"wordCount\":399,\"publisher\":{\"@id\":\"https:\/\/www.proteinsecta.com\/#organization\"},\"image\":{\"@id\":\"https:\/\/www.proteinsecta.com\/2025\/05\/20\/dia-mundial-de-las-abejas-polinizadores-en-peligro-de-extincion\/#primaryimage\"},\"thumbnailUrl\":\"https:\/\/www.proteinsecta.com\/wp-content\/uploads\/2025\/05\/imagen-portada-blog-prote-4.png\",\"articleSection\":[\"Sin categor\u00eda\"],\"inLanguage\":\"en-US\"},{\"@type\":\"WebPage\",\"@id\":\"https:\/\/www.proteinsecta.com\/2025\/05\/20\/dia-mundial-de-las-abejas-polinizadores-en-peligro-de-extincion\/\",\"url\":\"https:\/\/www.proteinsecta.com\/2025\/05\/20\/dia-mundial-de-las-abejas-polinizadores-en-peligro-de-extincion\/\",\"name\":\"D\u00eda Mundial de las Abejas\ud83d\udc1d: polinizadores en peligro de extinci\u00f3n - Proteinsecta\",\"isPartOf\":{\"@id\":\"https:\/\/www.proteinsecta.com\/#website\"},\"primaryImageOfPage\":{\"@id\":\"https:\/\/www.proteinsecta.com\/2025\/05\/20\/dia-mundial-de-las-abejas-polinizadores-en-peligro-de-extincion\/#primaryimage\"},\"image\":{\"@id\":\"https:\/\/www.proteinsecta.com\/2025\/05\/20\/dia-mundial-de-las-abejas-polinizadores-en-peligro-de-extincion\/#primaryimage\"},\"thumbnailUrl\":\"https:\/\/www.proteinsecta.com\/wp-content\/uploads\/2025\/05\/imagen-portada-blog-prote-4.png\",\"datePublished\":\"2025-05-20T06:15:21+00:00\",\"dateModified\":\"2026-03-16T09:01:34+00:00\",\"description\":\"D\u00eda Mundial de las Abejas: polinizadores en peligro de extinci\u00f3n. La p\u00e9rdida de h\u00e1bitats y el cambio clim\u00e1tico sus mayores rivales.\",\"breadcrumb\":{\"@id\":\"https:\/\/www.proteinsecta.com\/2025\/05\/20\/dia-mundial-de-las-abejas-polinizadores-en-peligro-de-extincion\/#breadcrumb\"},\"inLanguage\":\"en-US\",\"potentialAction\":[{\"@type\":\"ReadAction\",\"target\":[\"https:\/\/www.proteinsecta.com\/2025\/05\/20\/dia-mundial-de-las-abejas-polinizadores-en-peligro-de-extincion\/\"]}]},{\"@type\":\"ImageObject\",\"inLanguage\":\"en-US\",\"@id\":\"https:\/\/www.proteinsecta.com\/2025\/05\/20\/dia-mundial-de-las-abejas-polinizadores-en-peligro-de-extincion\/#primaryimage\",\"url\":\"https:\/\/www.proteinsecta.com\/wp-content\/uploads\/2025\/05\/imagen-portada-blog-prote-4.png\",\"contentUrl\":\"https:\/\/www.proteinsecta.com\/wp-content\/uploads\/2025\/05\/imagen-portada-blog-prote-4.png\",\"width\":1920,\"height\":1080,\"caption\":\"D\u00eda Mundial de las Abejas\ud83d\udc1d: polinizadores en peligro de extinci\u00f3n\"},{\"@type\":\"BreadcrumbList\",\"@id\":\"https:\/\/www.proteinsecta.com\/2025\/05\/20\/dia-mundial-de-las-abejas-polinizadores-en-peligro-de-extincion\/#breadcrumb\",\"itemListElement\":[{\"@type\":\"ListItem\",\"position\":1,\"name\":\"Portada\",\"item\":\"https:\/\/www.proteinsecta.com\/\"},{\"@type\":\"ListItem\",\"position\":2,\"name\":\"D\u00eda Mundial de las Abejas\ud83d\udc1d: polinizadores en peligro de extinci\u00f3n\"}]},{\"@type\":\"WebSite\",\"@id\":\"https:\/\/www.proteinsecta.com\/#website\",\"url\":\"https:\/\/www.proteinsecta.com\/\",\"name\":\"Proteinsecta\",\"description\":\"Expertos en granjas de insectos\",\"publisher\":{\"@id\":\"https:\/\/www.proteinsecta.com\/#organization\"},\"alternateName\":\"Proteinsecta\",\"potentialAction\":[{\"@type\":\"SearchAction\",\"target\":{\"@type\":\"EntryPoint\",\"urlTemplate\":\"https:\/\/www.proteinsecta.com\/?s={search_term_string}\"},\"query-input\":{\"@type\":\"PropertyValueSpecification\",\"valueRequired\":true,\"valueName\":\"search_term_string\"}}],\"inLanguage\":\"en-US\"},{\"@type\":\"Organization\",\"@id\":\"https:\/\/www.proteinsecta.com\/#organization\",\"name\":\"Proteinsecta\",\"url\":\"https:\/\/www.proteinsecta.com\/\",\"logo\":{\"@type\":\"ImageObject\",\"inLanguage\":\"en-US\",\"@id\":\"https:\/\/www.proteinsecta.com\/#\/schema\/logo\/image\/\",\"url\":\"https:\/\/www.proteinsecta.com\/wp-content\/uploads\/2023\/08\/Proteinsecta-Logo-y-Marca-Azul.svg\",\"contentUrl\":\"https:\/\/www.proteinsecta.com\/wp-content\/uploads\/2023\/08\/Proteinsecta-Logo-y-Marca-Azul.svg\",\"width\":\"1024\",\"height\":\"1024\",\"caption\":\"Proteinsecta\"},\"image\":{\"@id\":\"https:\/\/www.proteinsecta.com\/#\/schema\/logo\/image\/\"},\"sameAs\":[\"https:\/\/es-es.facebook.com\/proteinsecta\/\",\"https:\/\/www.instagram.com\/proteinsecta_oficial\",\"https:\/\/es.linkedin.com\/company\/proteinsecta\"]},{\"@type\":\"Person\",\"@id\":\"https:\/\/www.proteinsecta.com\/#\/schema\/person\/dc4ceb0feab68cadf376210f6f3acf18\",\"name\":\"Proteinsecta\",\"image\":{\"@type\":\"ImageObject\",\"inLanguage\":\"en-US\",\"@id\":\"https:\/\/www.proteinsecta.com\/#\/schema\/person\/image\/\",\"url\":\"https:\/\/secure.gravatar.com\/avatar\/54455b52a2fd61c7845b7dbefaa4e333?s=96&d=mm&r=g\",\"contentUrl\":\"https:\/\/secure.gravatar.com\/avatar\/54455b52a2fd61c7845b7dbefaa4e333?s=96&d=mm&r=g\",\"caption\":\"Proteinsecta\"},\"sameAs\":[\"http:\/\/proteinsecta.com\"]}]}<\/script>\n<!-- \/ Yoast SEO plugin. -->","yoast_head_json":{"title":"D\u00eda Mundial de las Abejas\ud83d\udc1d: polinizadores en peligro de extinci\u00f3n - Proteinsecta","description":"D\u00eda Mundial de las Abejas: polinizadores en peligro de extinci\u00f3n. La p\u00e9rdida de h\u00e1bitats y el cambio clim\u00e1tico sus mayores rivales.","robots":{"index":"index","follow":"follow","max-snippet":"max-snippet:-1","max-image-preview":"max-image-preview:large","max-video-preview":"max-video-preview:-1"},"canonical":"https:\/\/www.proteinsecta.com\/en\/2025\/05\/20\/dia-mundial-de-las-abejas-polinizadores-en-peligro-de-extincion\/","og_locale":"en_US","og_type":"article","og_title":"D\u00eda Mundial de las Abejas\ud83d\udc1d: polinizadores en peligro de extinci\u00f3n - Proteinsecta","og_description":"D\u00eda Mundial de las Abejas: polinizadores en peligro de extinci\u00f3n. La p\u00e9rdida de h\u00e1bitats y el cambio clim\u00e1tico sus mayores rivales.","og_url":"https:\/\/www.proteinsecta.com\/en\/2025\/05\/20\/dia-mundial-de-las-abejas-polinizadores-en-peligro-de-extincion\/","og_site_name":"Proteinsecta","article_publisher":"https:\/\/es-es.facebook.com\/proteinsecta\/","article_published_time":"2025-05-20T06:15:21+00:00","article_modified_time":"2026-03-16T09:01:34+00:00","og_image":[{"width":1920,"height":1080,"url":"https:\/\/www.proteinsecta.com\/wp-content\/uploads\/2025\/05\/imagen-portada-blog-prote-4.png","type":"image\/png"}],"author":"Proteinsecta","twitter_card":"summary_large_image","twitter_misc":{"Written by":"Proteinsecta","Est. reading time":"3 minutes"},"schema":{"@context":"https:\/\/schema.org","@graph":[{"@type":"Article","@id":"https:\/\/www.proteinsecta.com\/2025\/05\/20\/dia-mundial-de-las-abejas-polinizadores-en-peligro-de-extincion\/#article","isPartOf":{"@id":"https:\/\/www.proteinsecta.com\/2025\/05\/20\/dia-mundial-de-las-abejas-polinizadores-en-peligro-de-extincion\/"},"author":{"name":"Proteinsecta","@id":"https:\/\/www.proteinsecta.com\/#\/schema\/person\/dc4ceb0feab68cadf376210f6f3acf18"},"headline":"D\u00eda Mundial de las Abejas\ud83d\udc1d: polinizadores en peligro de extinci\u00f3n","datePublished":"2025-05-20T06:15:21+00:00","dateModified":"2026-03-16T09:01:34+00:00","mainEntityOfPage":{"@id":"https:\/\/www.proteinsecta.com\/2025\/05\/20\/dia-mundial-de-las-abejas-polinizadores-en-peligro-de-extincion\/"},"wordCount":399,"publisher":{"@id":"https:\/\/www.proteinsecta.com\/#organization"},"image":{"@id":"https:\/\/www.proteinsecta.com\/2025\/05\/20\/dia-mundial-de-las-abejas-polinizadores-en-peligro-de-extincion\/#primaryimage"},"thumbnailUrl":"https:\/\/www.proteinsecta.com\/wp-content\/uploads\/2025\/05\/imagen-portada-blog-prote-4.png","articleSection":["Sin categor\u00eda"],"inLanguage":"en-US"},{"@type":"WebPage","@id":"https:\/\/www.proteinsecta.com\/2025\/05\/20\/dia-mundial-de-las-abejas-polinizadores-en-peligro-de-extincion\/","url":"https:\/\/www.proteinsecta.com\/2025\/05\/20\/dia-mundial-de-las-abejas-polinizadores-en-peligro-de-extincion\/","name":"D\u00eda Mundial de las Abejas\ud83d\udc1d: polinizadores en peligro de extinci\u00f3n - Proteinsecta","isPartOf":{"@id":"https:\/\/www.proteinsecta.com\/#website"},"primaryImageOfPage":{"@id":"https:\/\/www.proteinsecta.com\/2025\/05\/20\/dia-mundial-de-las-abejas-polinizadores-en-peligro-de-extincion\/#primaryimage"},"image":{"@id":"https:\/\/www.proteinsecta.com\/2025\/05\/20\/dia-mundial-de-las-abejas-polinizadores-en-peligro-de-extincion\/#primaryimage"},"thumbnailUrl":"https:\/\/www.proteinsecta.com\/wp-content\/uploads\/2025\/05\/imagen-portada-blog-prote-4.png","datePublished":"2025-05-20T06:15:21+00:00","dateModified":"2026-03-16T09:01:34+00:00","description":"D\u00eda Mundial de las Abejas: polinizadores en peligro de extinci\u00f3n. La p\u00e9rdida de h\u00e1bitats y el cambio clim\u00e1tico sus mayores rivales.","breadcrumb":{"@id":"https:\/\/www.proteinsecta.com\/2025\/05\/20\/dia-mundial-de-las-abejas-polinizadores-en-peligro-de-extincion\/#breadcrumb"},"inLanguage":"en-US","potentialAction":[{"@type":"ReadAction","target":["https:\/\/www.proteinsecta.com\/2025\/05\/20\/dia-mundial-de-las-abejas-polinizadores-en-peligro-de-extincion\/"]}]},{"@type":"ImageObject","inLanguage":"en-US","@id":"https:\/\/www.proteinsecta.com\/2025\/05\/20\/dia-mundial-de-las-abejas-polinizadores-en-peligro-de-extincion\/#primaryimage","url":"https:\/\/www.proteinsecta.com\/wp-content\/uploads\/2025\/05\/imagen-portada-blog-prote-4.png","contentUrl":"https:\/\/www.proteinsecta.com\/wp-content\/uploads\/2025\/05\/imagen-portada-blog-prote-4.png","width":1920,"height":1080,"caption":"D\u00eda Mundial de las Abejas\ud83d\udc1d: polinizadores en peligro de extinci\u00f3n"},{"@type":"BreadcrumbList","@id":"https:\/\/www.proteinsecta.com\/2025\/05\/20\/dia-mundial-de-las-abejas-polinizadores-en-peligro-de-extincion\/#breadcrumb","itemListElement":[{"@type":"ListItem","position":1,"name":"Portada","item":"https:\/\/www.proteinsecta.com\/"},{"@type":"ListItem","position":2,"name":"D\u00eda Mundial de las Abejas\ud83d\udc1d: polinizadores en peligro de extinci\u00f3n"}]},{"@type":"WebSite","@id":"https:\/\/www.proteinsecta.com\/#website","url":"https:\/\/www.proteinsecta.com\/","name":"Proteinsecta","description":"Expertos en granjas de insectos","publisher":{"@id":"https:\/\/www.proteinsecta.com\/#organization"},"alternateName":"Proteinsecta","potentialAction":[{"@type":"SearchAction","target":{"@type":"EntryPoint","urlTemplate":"https:\/\/www.proteinsecta.com\/?s={search_term_string}"},"query-input":{"@type":"PropertyValueSpecification","valueRequired":true,"valueName":"search_term_string"}}],"inLanguage":"en-US"},{"@type":"Organization","@id":"https:\/\/www.proteinsecta.com\/#organization","name":"Proteinsecta","url":"https:\/\/www.proteinsecta.com\/","logo":{"@type":"ImageObject","inLanguage":"en-US","@id":"https:\/\/www.proteinsecta.com\/#\/schema\/logo\/image\/","url":"https:\/\/www.proteinsecta.com\/wp-content\/uploads\/2023\/08\/Proteinsecta-Logo-y-Marca-Azul.svg","contentUrl":"https:\/\/www.proteinsecta.com\/wp-content\/uploads\/2023\/08\/Proteinsecta-Logo-y-Marca-Azul.svg","width":"1024","height":"1024","caption":"Proteinsecta"},"image":{"@id":"https:\/\/www.proteinsecta.com\/#\/schema\/logo\/image\/"},"sameAs":["https:\/\/es-es.facebook.com\/proteinsecta\/","https:\/\/www.instagram.com\/proteinsecta_oficial","https:\/\/es.linkedin.com\/company\/proteinsecta"]},{"@type":"Person","@id":"https:\/\/www.proteinsecta.com\/#\/schema\/person\/dc4ceb0feab68cadf376210f6f3acf18","name":"Proteinsecta","image":{"@type":"ImageObject","inLanguage":"en-US","@id":"https:\/\/www.proteinsecta.com\/#\/schema\/person\/image\/","url":"https:\/\/secure.gravatar.com\/avatar\/54455b52a2fd61c7845b7dbefaa4e333?s=96&d=mm&r=g","contentUrl":"https:\/\/secure.gravatar.com\/avatar\/54455b52a2fd61c7845b7dbefaa4e333?s=96&d=mm&r=g","caption":"Proteinsecta"},"sameAs":["http:\/\/proteinsecta.com"]}]}},"_links":{"self":[{"href":"https:\/\/www.proteinsecta.com\/en\/wp-json\/wp\/v2\/posts\/9165"}],"collection":[{"href":"https:\/\/www.proteinsecta.com\/en\/wp-json\/wp\/v2\/posts"}],"about":[{"href":"https:\/\/www.proteinsecta.com\/en\/wp-json\/wp\/v2\/types\/post"}],"author":[{"embeddable":true,"href":"https:\/\/www.proteinsecta.com\/en\/wp-json\/wp\/v2\/users\/2"}],"replies":[{"embeddable":true,"href":"https:\/\/www.proteinsecta.com\/en\/wp-json\/wp\/v2\/comments?post=9165"}],"version-history":[{"count":3,"href":"https:\/\/www.proteinsecta.com\/en\/wp-json\/wp\/v2\/posts\/9165\/revisions"}],"predecessor-version":[{"id":9170,"href":"https:\/\/www.proteinsecta.com\/en\/wp-json\/wp\/v2\/posts\/9165\/revisions\/9170"}],"wp:featuredmedia":[{"embeddable":true,"href":"https:\/\/www.proteinsecta.com\/en\/wp-json\/wp\/v2\/media\/9166"}],"wp:attachment":[{"href":"https:\/\/www.proteinsecta.com\/en\/wp-json\/wp\/v2\/media?parent=9165"}],"wp:term":[{"taxonomy":"category","embeddable":true,"href":"https:\/\/www.proteinsecta.com\/en\/wp-json\/wp\/v2\/categories?post=9165"},{"taxonomy":"post_tag","embeddable":true,"href":"https:\/\/www.proteinsecta.com\/en\/wp-json\/wp\/v2\/tags?post=9165"}],"curies":[{"name":"wp","href":"https:\/\/api.w.org\/{rel}","templated":true}]}}