{"id":9095,"date":"2025-03-07T12:46:42","date_gmt":"2025-03-07T11:46:42","guid":{"rendered":"https:\/\/www.proteinsecta.com\/?p=9095"},"modified":"2026-03-16T10:02:14","modified_gmt":"2026-03-16T09:02:14","slug":"proteinsecta-se-reune-con-el-ministerio-de-agricultura-pesca-y-alimentacion","status":"publish","type":"post","link":"https:\/\/www.proteinsecta.com\/en\/2025\/03\/07\/proteinsecta-se-reune-con-el-ministerio-de-agricultura-pesca-y-alimentacion\/","title":{"rendered":"Proteinsecta se re\u00fane con el Ministerio de Agricultura Pesca y Alimentaci\u00f3n"},"content":{"rendered":"<p>El mi\u00e9rcoles 5 de marzo, Proteinsecta y la asociaci\u00f3n <a href=\"https:\/\/www.aproinsecta.org\">APROINSECTA<\/a> se reunieron con el Ministerio de Agricultura, Pesca y Alimentaci\u00f3n, representado por D\u00aa Ana D\u00edaz P\u00e9rez (Subdirectora General de Calidad y Sostenibilidad Alimentaria del MAPA) \u00a0y su equipo para analizar la situaci\u00f3n actual del sector y los retos de cara a su consolidaci\u00f3n. Durante el encuentro, se abordaron las necesidades de la industria para potenciar su presencia en el \u00e1mbito productivo, la normativa vigente y el gran potencial de negocio que los productores espa\u00f1oles pueden alcanzar en el mercado de la Uni\u00f3n Europea.<\/p>\n<h2>Abordando la situaci\u00f3n actual de la insecticultura con el Ministerio de Agricultura, Pesca y Alimentaci\u00f3n<\/h2>\n<p>El sector de la insecticultura est\u00e1 en auge. Cada vez surgen m\u00e1s granjas de insectos en Espa\u00f1a y el negocio est\u00e1 creciendo a pasos agigantados, aumentando la demanda y oferta de productos elaborados con insectos y la profesionalizaci\u00f3n de los perfiles de trabajo en entomocultura. Sin embargo, tambi\u00e9n existen barreras por las que est\u00e1 tardando en consolidarse el sector en el \u00e1mbito nacional y europeo. Muchas de estas cuestiones se comentaron en la reuni\u00f3n entre la Subdirectora General de Calidad y Sostenibilidad Alimentaria del MAPA, D\u00aa Ana D\u00edaz P\u00e9rez, Jos\u00e9 S\u00e1nchez (Presidente de Aproinsecta y Director de Innovaci\u00f3n y Desarrollo en Proteinsecta) y V\u00edctor Escribano (Bi\u00f3logo investigador en insecticultura en Proteinsecta).<\/p>\n<p>Uno de los temas principales que se trataron fue la estricta normativa europea para las autorizaciones de los expedientes &#8220;Novel Food&#8221; para <a href=\"https:\/\/www.proteinsecta.com\/en\/2025\/02\/07\/la-comision-europea-autoriza-la-comercializacion-de-harina-de-larvas-enteras-de-tenebrio-molitor-tratada-con-radiacion-ultravioleta-bulos-y-verdades\/\">productos derivados de insectos<\/a>. En este aspecto, se hablaron de las consideraciones relativas a la obtenci\u00f3n de fuentes alternativas de prote\u00ednas. Tambi\u00e9n se puso sobre la mesa los temas relacionados con la alergenicidad y el alarmismo reciente sobre este tipo de productos, recalcando que todo alimento que contenga ingredientes derivados de insectos sigue al pi\u00e9 de la letra la normativa de seguridad alimentaria y los est\u00e1ndares de calidad.<\/p>\n<p>Por otra parte, se destac\u00f3 la importancia de la divulgaci\u00f3n y concienciaci\u00f3n social para lograr una visi\u00f3n m\u00e1s normalizada de la cr\u00eda de insectos como la nueva ganader\u00eda, con un potencial que puede revolucionar los est\u00e1ndares de la econom\u00eda circular, sobre todo en el aprovechamiento de los subproductos de la industria agroalimentaria.<\/p>\n<p>&nbsp;<\/p>\n<h2>Un paso m\u00e1s hacia el futuro de la alimentaci\u00f3n sostenible<\/h2>\n<p>Gracias al MAPA y a este tipo de encuentros podemos promover la visibilizaci\u00f3n de nuestro sector, generando inter\u00e9s y difundiendo conocimiento sobre la industria de la insecticultura en nuestro pa\u00eds, para poder avanzar hacia una industria m\u00e1s reforzada y contribuir en la revoluci\u00f3n alimentaria sostenible.<\/p>","protected":false},"excerpt":{"rendered":"<p>El mi\u00e9rcoles 5 de marzo, Proteinsecta y la asociaci\u00f3n APROINSECTA se reunieron con el Ministerio de Agricultura, Pesca y Alimentaci\u00f3n, representado por D\u00aa Ana D\u00edaz P\u00e9rez (Subdirectora General de Calidad y Sostenibilidad Alimentaria del MAPA) \u00a0y su equipo para analizar &hellip; <\/p>","protected":false},"author":2,"featured_media":9097,"comment_status":"closed","ping_status":"open","sticky":false,"template":"","format":"standard","meta":{"_acf_changed":false,"inline_featured_image":false,"footnotes":""},"categories":[1],"tags":[],"class_list":["post-9095","post","type-post","status-publish","format-standard","has-post-thumbnail","hentry","category-sin-categoria"],"acf":[],"yoast_head":"<!-- This site is optimized with the Yoast SEO plugin v23.6 - https:\/\/yoast.com\/wordpress\/plugins\/seo\/ -->\n<title>Proteinsecta se re\u00fane con el Ministerio de Agricultura Pesca y Alimentaci\u00f3n - Proteinsecta<\/title>\n<meta name=\"description\" content=\"Proteinsecta se re\u00fane con el Ministerio de Agricultura Pesca y Alimentaci\u00f3n (MAPA): Impulsando el avance del sector de los insectos en Espa\u00f1a\" \/>\n<meta name=\"robots\" content=\"index, follow, max-snippet:-1, max-image-preview:large, max-video-preview:-1\" \/>\n<link rel=\"canonical\" href=\"https:\/\/www.proteinsecta.com\/en\/2025\/03\/07\/proteinsecta-se-reune-con-el-ministerio-de-agricultura-pesca-y-alimentacion\/\" \/>\n<meta property=\"og:locale\" content=\"en_US\" \/>\n<meta property=\"og:type\" content=\"article\" \/>\n<meta property=\"og:title\" content=\"Proteinsecta se re\u00fane con el Ministerio de Agricultura Pesca y Alimentaci\u00f3n - Proteinsecta\" \/>\n<meta property=\"og:description\" content=\"Proteinsecta se re\u00fane con el Ministerio de Agricultura Pesca y Alimentaci\u00f3n (MAPA): Impulsando el avance del sector de los insectos en Espa\u00f1a\" \/>\n<meta property=\"og:url\" content=\"https:\/\/www.proteinsecta.com\/en\/2025\/03\/07\/proteinsecta-se-reune-con-el-ministerio-de-agricultura-pesca-y-alimentacion\/\" \/>\n<meta property=\"og:site_name\" content=\"Proteinsecta\" \/>\n<meta property=\"article:publisher\" content=\"https:\/\/es-es.facebook.com\/proteinsecta\/\" \/>\n<meta property=\"article:published_time\" content=\"2025-03-07T11:46:42+00:00\" \/>\n<meta property=\"article:modified_time\" content=\"2026-03-16T09:02:14+00:00\" \/>\n<meta property=\"og:image\" content=\"https:\/\/www.proteinsecta.com\/wp-content\/uploads\/2025\/03\/imagen-portada-blog-prote-3.png\" \/>\n\t<meta property=\"og:image:width\" content=\"1920\" \/>\n\t<meta property=\"og:image:height\" content=\"1080\" \/>\n\t<meta property=\"og:image:type\" content=\"image\/png\" \/>\n<meta name=\"author\" content=\"Proteinsecta\" \/>\n<meta name=\"twitter:card\" content=\"summary_large_image\" \/>\n<meta name=\"twitter:label1\" content=\"Written by\" \/>\n\t<meta name=\"twitter:data1\" content=\"Proteinsecta\" \/>\n\t<meta name=\"twitter:label2\" content=\"Est. reading time\" \/>\n\t<meta name=\"twitter:data2\" content=\"3 minutes\" \/>\n<script type=\"application\/ld+json\" class=\"yoast-schema-graph\">{\"@context\":\"https:\/\/schema.org\",\"@graph\":[{\"@type\":\"Article\",\"@id\":\"https:\/\/www.proteinsecta.com\/2025\/03\/07\/proteinsecta-se-reune-con-el-ministerio-de-agricultura-pesca-y-alimentacion\/#article\",\"isPartOf\":{\"@id\":\"https:\/\/www.proteinsecta.com\/2025\/03\/07\/proteinsecta-se-reune-con-el-ministerio-de-agricultura-pesca-y-alimentacion\/\"},\"author\":{\"name\":\"Proteinsecta\",\"@id\":\"https:\/\/www.proteinsecta.com\/#\/schema\/person\/dc4ceb0feab68cadf376210f6f3acf18\"},\"headline\":\"Proteinsecta se re\u00fane con el Ministerio de Agricultura Pesca y Alimentaci\u00f3n\",\"datePublished\":\"2025-03-07T11:46:42+00:00\",\"dateModified\":\"2026-03-16T09:02:14+00:00\",\"mainEntityOfPage\":{\"@id\":\"https:\/\/www.proteinsecta.com\/2025\/03\/07\/proteinsecta-se-reune-con-el-ministerio-de-agricultura-pesca-y-alimentacion\/\"},\"wordCount\":470,\"publisher\":{\"@id\":\"https:\/\/www.proteinsecta.com\/#organization\"},\"image\":{\"@id\":\"https:\/\/www.proteinsecta.com\/2025\/03\/07\/proteinsecta-se-reune-con-el-ministerio-de-agricultura-pesca-y-alimentacion\/#primaryimage\"},\"thumbnailUrl\":\"https:\/\/www.proteinsecta.com\/wp-content\/uploads\/2025\/03\/imagen-portada-blog-prote-3.png\",\"articleSection\":[\"Sin categor\u00eda\"],\"inLanguage\":\"en-US\"},{\"@type\":\"WebPage\",\"@id\":\"https:\/\/www.proteinsecta.com\/2025\/03\/07\/proteinsecta-se-reune-con-el-ministerio-de-agricultura-pesca-y-alimentacion\/\",\"url\":\"https:\/\/www.proteinsecta.com\/2025\/03\/07\/proteinsecta-se-reune-con-el-ministerio-de-agricultura-pesca-y-alimentacion\/\",\"name\":\"Proteinsecta se re\u00fane con el Ministerio de Agricultura Pesca y Alimentaci\u00f3n - Proteinsecta\",\"isPartOf\":{\"@id\":\"https:\/\/www.proteinsecta.com\/#website\"},\"primaryImageOfPage\":{\"@id\":\"https:\/\/www.proteinsecta.com\/2025\/03\/07\/proteinsecta-se-reune-con-el-ministerio-de-agricultura-pesca-y-alimentacion\/#primaryimage\"},\"image\":{\"@id\":\"https:\/\/www.proteinsecta.com\/2025\/03\/07\/proteinsecta-se-reune-con-el-ministerio-de-agricultura-pesca-y-alimentacion\/#primaryimage\"},\"thumbnailUrl\":\"https:\/\/www.proteinsecta.com\/wp-content\/uploads\/2025\/03\/imagen-portada-blog-prote-3.png\",\"datePublished\":\"2025-03-07T11:46:42+00:00\",\"dateModified\":\"2026-03-16T09:02:14+00:00\",\"description\":\"Proteinsecta se re\u00fane con el Ministerio de Agricultura Pesca y Alimentaci\u00f3n (MAPA): Impulsando el avance del sector de los insectos en Espa\u00f1a\",\"breadcrumb\":{\"@id\":\"https:\/\/www.proteinsecta.com\/2025\/03\/07\/proteinsecta-se-reune-con-el-ministerio-de-agricultura-pesca-y-alimentacion\/#breadcrumb\"},\"inLanguage\":\"en-US\",\"potentialAction\":[{\"@type\":\"ReadAction\",\"target\":[\"https:\/\/www.proteinsecta.com\/2025\/03\/07\/proteinsecta-se-reune-con-el-ministerio-de-agricultura-pesca-y-alimentacion\/\"]}]},{\"@type\":\"ImageObject\",\"inLanguage\":\"en-US\",\"@id\":\"https:\/\/www.proteinsecta.com\/2025\/03\/07\/proteinsecta-se-reune-con-el-ministerio-de-agricultura-pesca-y-alimentacion\/#primaryimage\",\"url\":\"https:\/\/www.proteinsecta.com\/wp-content\/uploads\/2025\/03\/imagen-portada-blog-prote-3.png\",\"contentUrl\":\"https:\/\/www.proteinsecta.com\/wp-content\/uploads\/2025\/03\/imagen-portada-blog-prote-3.png\",\"width\":1920,\"height\":1080,\"caption\":\"Reuni\u00f3n proteinsecta y MAPA\"},{\"@type\":\"BreadcrumbList\",\"@id\":\"https:\/\/www.proteinsecta.com\/2025\/03\/07\/proteinsecta-se-reune-con-el-ministerio-de-agricultura-pesca-y-alimentacion\/#breadcrumb\",\"itemListElement\":[{\"@type\":\"ListItem\",\"position\":1,\"name\":\"Portada\",\"item\":\"https:\/\/www.proteinsecta.com\/\"},{\"@type\":\"ListItem\",\"position\":2,\"name\":\"Proteinsecta se re\u00fane con el Ministerio de Agricultura Pesca y Alimentaci\u00f3n\"}]},{\"@type\":\"WebSite\",\"@id\":\"https:\/\/www.proteinsecta.com\/#website\",\"url\":\"https:\/\/www.proteinsecta.com\/\",\"name\":\"Proteinsecta\",\"description\":\"Expertos en granjas de insectos\",\"publisher\":{\"@id\":\"https:\/\/www.proteinsecta.com\/#organization\"},\"alternateName\":\"Proteinsecta\",\"potentialAction\":[{\"@type\":\"SearchAction\",\"target\":{\"@type\":\"EntryPoint\",\"urlTemplate\":\"https:\/\/www.proteinsecta.com\/?s={search_term_string}\"},\"query-input\":{\"@type\":\"PropertyValueSpecification\",\"valueRequired\":true,\"valueName\":\"search_term_string\"}}],\"inLanguage\":\"en-US\"},{\"@type\":\"Organization\",\"@id\":\"https:\/\/www.proteinsecta.com\/#organization\",\"name\":\"Proteinsecta\",\"url\":\"https:\/\/www.proteinsecta.com\/\",\"logo\":{\"@type\":\"ImageObject\",\"inLanguage\":\"en-US\",\"@id\":\"https:\/\/www.proteinsecta.com\/#\/schema\/logo\/image\/\",\"url\":\"https:\/\/www.proteinsecta.com\/wp-content\/uploads\/2023\/08\/Proteinsecta-Logo-y-Marca-Azul.svg\",\"contentUrl\":\"https:\/\/www.proteinsecta.com\/wp-content\/uploads\/2023\/08\/Proteinsecta-Logo-y-Marca-Azul.svg\",\"width\":\"1024\",\"height\":\"1024\",\"caption\":\"Proteinsecta\"},\"image\":{\"@id\":\"https:\/\/www.proteinsecta.com\/#\/schema\/logo\/image\/\"},\"sameAs\":[\"https:\/\/es-es.facebook.com\/proteinsecta\/\",\"https:\/\/www.instagram.com\/proteinsecta_oficial\",\"https:\/\/es.linkedin.com\/company\/proteinsecta\"]},{\"@type\":\"Person\",\"@id\":\"https:\/\/www.proteinsecta.com\/#\/schema\/person\/dc4ceb0feab68cadf376210f6f3acf18\",\"name\":\"Proteinsecta\",\"image\":{\"@type\":\"ImageObject\",\"inLanguage\":\"en-US\",\"@id\":\"https:\/\/www.proteinsecta.com\/#\/schema\/person\/image\/\",\"url\":\"https:\/\/secure.gravatar.com\/avatar\/54455b52a2fd61c7845b7dbefaa4e333?s=96&d=mm&r=g\",\"contentUrl\":\"https:\/\/secure.gravatar.com\/avatar\/54455b52a2fd61c7845b7dbefaa4e333?s=96&d=mm&r=g\",\"caption\":\"Proteinsecta\"},\"sameAs\":[\"http:\/\/proteinsecta.com\"]}]}<\/script>\n<!-- \/ Yoast SEO plugin. -->","yoast_head_json":{"title":"Proteinsecta se re\u00fane con el Ministerio de Agricultura Pesca y Alimentaci\u00f3n - Proteinsecta","description":"Proteinsecta se re\u00fane con el Ministerio de Agricultura Pesca y Alimentaci\u00f3n (MAPA): Impulsando el avance del sector de los insectos en Espa\u00f1a","robots":{"index":"index","follow":"follow","max-snippet":"max-snippet:-1","max-image-preview":"max-image-preview:large","max-video-preview":"max-video-preview:-1"},"canonical":"https:\/\/www.proteinsecta.com\/en\/2025\/03\/07\/proteinsecta-se-reune-con-el-ministerio-de-agricultura-pesca-y-alimentacion\/","og_locale":"en_US","og_type":"article","og_title":"Proteinsecta se re\u00fane con el Ministerio de Agricultura Pesca y Alimentaci\u00f3n - Proteinsecta","og_description":"Proteinsecta se re\u00fane con el Ministerio de Agricultura Pesca y Alimentaci\u00f3n (MAPA): Impulsando el avance del sector de los insectos en Espa\u00f1a","og_url":"https:\/\/www.proteinsecta.com\/en\/2025\/03\/07\/proteinsecta-se-reune-con-el-ministerio-de-agricultura-pesca-y-alimentacion\/","og_site_name":"Proteinsecta","article_publisher":"https:\/\/es-es.facebook.com\/proteinsecta\/","article_published_time":"2025-03-07T11:46:42+00:00","article_modified_time":"2026-03-16T09:02:14+00:00","og_image":[{"width":1920,"height":1080,"url":"https:\/\/www.proteinsecta.com\/wp-content\/uploads\/2025\/03\/imagen-portada-blog-prote-3.png","type":"image\/png"}],"author":"Proteinsecta","twitter_card":"summary_large_image","twitter_misc":{"Written by":"Proteinsecta","Est. reading time":"3 minutes"},"schema":{"@context":"https:\/\/schema.org","@graph":[{"@type":"Article","@id":"https:\/\/www.proteinsecta.com\/2025\/03\/07\/proteinsecta-se-reune-con-el-ministerio-de-agricultura-pesca-y-alimentacion\/#article","isPartOf":{"@id":"https:\/\/www.proteinsecta.com\/2025\/03\/07\/proteinsecta-se-reune-con-el-ministerio-de-agricultura-pesca-y-alimentacion\/"},"author":{"name":"Proteinsecta","@id":"https:\/\/www.proteinsecta.com\/#\/schema\/person\/dc4ceb0feab68cadf376210f6f3acf18"},"headline":"Proteinsecta se re\u00fane con el Ministerio de Agricultura Pesca y Alimentaci\u00f3n","datePublished":"2025-03-07T11:46:42+00:00","dateModified":"2026-03-16T09:02:14+00:00","mainEntityOfPage":{"@id":"https:\/\/www.proteinsecta.com\/2025\/03\/07\/proteinsecta-se-reune-con-el-ministerio-de-agricultura-pesca-y-alimentacion\/"},"wordCount":470,"publisher":{"@id":"https:\/\/www.proteinsecta.com\/#organization"},"image":{"@id":"https:\/\/www.proteinsecta.com\/2025\/03\/07\/proteinsecta-se-reune-con-el-ministerio-de-agricultura-pesca-y-alimentacion\/#primaryimage"},"thumbnailUrl":"https:\/\/www.proteinsecta.com\/wp-content\/uploads\/2025\/03\/imagen-portada-blog-prote-3.png","articleSection":["Sin categor\u00eda"],"inLanguage":"en-US"},{"@type":"WebPage","@id":"https:\/\/www.proteinsecta.com\/2025\/03\/07\/proteinsecta-se-reune-con-el-ministerio-de-agricultura-pesca-y-alimentacion\/","url":"https:\/\/www.proteinsecta.com\/2025\/03\/07\/proteinsecta-se-reune-con-el-ministerio-de-agricultura-pesca-y-alimentacion\/","name":"Proteinsecta se re\u00fane con el Ministerio de Agricultura Pesca y Alimentaci\u00f3n - Proteinsecta","isPartOf":{"@id":"https:\/\/www.proteinsecta.com\/#website"},"primaryImageOfPage":{"@id":"https:\/\/www.proteinsecta.com\/2025\/03\/07\/proteinsecta-se-reune-con-el-ministerio-de-agricultura-pesca-y-alimentacion\/#primaryimage"},"image":{"@id":"https:\/\/www.proteinsecta.com\/2025\/03\/07\/proteinsecta-se-reune-con-el-ministerio-de-agricultura-pesca-y-alimentacion\/#primaryimage"},"thumbnailUrl":"https:\/\/www.proteinsecta.com\/wp-content\/uploads\/2025\/03\/imagen-portada-blog-prote-3.png","datePublished":"2025-03-07T11:46:42+00:00","dateModified":"2026-03-16T09:02:14+00:00","description":"Proteinsecta se re\u00fane con el Ministerio de Agricultura Pesca y Alimentaci\u00f3n (MAPA): Impulsando el avance del sector de los insectos en Espa\u00f1a","breadcrumb":{"@id":"https:\/\/www.proteinsecta.com\/2025\/03\/07\/proteinsecta-se-reune-con-el-ministerio-de-agricultura-pesca-y-alimentacion\/#breadcrumb"},"inLanguage":"en-US","potentialAction":[{"@type":"ReadAction","target":["https:\/\/www.proteinsecta.com\/2025\/03\/07\/proteinsecta-se-reune-con-el-ministerio-de-agricultura-pesca-y-alimentacion\/"]}]},{"@type":"ImageObject","inLanguage":"en-US","@id":"https:\/\/www.proteinsecta.com\/2025\/03\/07\/proteinsecta-se-reune-con-el-ministerio-de-agricultura-pesca-y-alimentacion\/#primaryimage","url":"https:\/\/www.proteinsecta.com\/wp-content\/uploads\/2025\/03\/imagen-portada-blog-prote-3.png","contentUrl":"https:\/\/www.proteinsecta.com\/wp-content\/uploads\/2025\/03\/imagen-portada-blog-prote-3.png","width":1920,"height":1080,"caption":"Reuni\u00f3n proteinsecta y MAPA"},{"@type":"BreadcrumbList","@id":"https:\/\/www.proteinsecta.com\/2025\/03\/07\/proteinsecta-se-reune-con-el-ministerio-de-agricultura-pesca-y-alimentacion\/#breadcrumb","itemListElement":[{"@type":"ListItem","position":1,"name":"Portada","item":"https:\/\/www.proteinsecta.com\/"},{"@type":"ListItem","position":2,"name":"Proteinsecta se re\u00fane con el Ministerio de Agricultura Pesca y Alimentaci\u00f3n"}]},{"@type":"WebSite","@id":"https:\/\/www.proteinsecta.com\/#website","url":"https:\/\/www.proteinsecta.com\/","name":"Proteinsecta","description":"Expertos en granjas de insectos","publisher":{"@id":"https:\/\/www.proteinsecta.com\/#organization"},"alternateName":"Proteinsecta","potentialAction":[{"@type":"SearchAction","target":{"@type":"EntryPoint","urlTemplate":"https:\/\/www.proteinsecta.com\/?s={search_term_string}"},"query-input":{"@type":"PropertyValueSpecification","valueRequired":true,"valueName":"search_term_string"}}],"inLanguage":"en-US"},{"@type":"Organization","@id":"https:\/\/www.proteinsecta.com\/#organization","name":"Proteinsecta","url":"https:\/\/www.proteinsecta.com\/","logo":{"@type":"ImageObject","inLanguage":"en-US","@id":"https:\/\/www.proteinsecta.com\/#\/schema\/logo\/image\/","url":"https:\/\/www.proteinsecta.com\/wp-content\/uploads\/2023\/08\/Proteinsecta-Logo-y-Marca-Azul.svg","contentUrl":"https:\/\/www.proteinsecta.com\/wp-content\/uploads\/2023\/08\/Proteinsecta-Logo-y-Marca-Azul.svg","width":"1024","height":"1024","caption":"Proteinsecta"},"image":{"@id":"https:\/\/www.proteinsecta.com\/#\/schema\/logo\/image\/"},"sameAs":["https:\/\/es-es.facebook.com\/proteinsecta\/","https:\/\/www.instagram.com\/proteinsecta_oficial","https:\/\/es.linkedin.com\/company\/proteinsecta"]},{"@type":"Person","@id":"https:\/\/www.proteinsecta.com\/#\/schema\/person\/dc4ceb0feab68cadf376210f6f3acf18","name":"Proteinsecta","image":{"@type":"ImageObject","inLanguage":"en-US","@id":"https:\/\/www.proteinsecta.com\/#\/schema\/person\/image\/","url":"https:\/\/secure.gravatar.com\/avatar\/54455b52a2fd61c7845b7dbefaa4e333?s=96&d=mm&r=g","contentUrl":"https:\/\/secure.gravatar.com\/avatar\/54455b52a2fd61c7845b7dbefaa4e333?s=96&d=mm&r=g","caption":"Proteinsecta"},"sameAs":["http:\/\/proteinsecta.com"]}]}},"_links":{"self":[{"href":"https:\/\/www.proteinsecta.com\/en\/wp-json\/wp\/v2\/posts\/9095"}],"collection":[{"href":"https:\/\/www.proteinsecta.com\/en\/wp-json\/wp\/v2\/posts"}],"about":[{"href":"https:\/\/www.proteinsecta.com\/en\/wp-json\/wp\/v2\/types\/post"}],"author":[{"embeddable":true,"href":"https:\/\/www.proteinsecta.com\/en\/wp-json\/wp\/v2\/users\/2"}],"replies":[{"embeddable":true,"href":"https:\/\/www.proteinsecta.com\/en\/wp-json\/wp\/v2\/comments?post=9095"}],"version-history":[{"count":4,"href":"https:\/\/www.proteinsecta.com\/en\/wp-json\/wp\/v2\/posts\/9095\/revisions"}],"predecessor-version":[{"id":9100,"href":"https:\/\/www.proteinsecta.com\/en\/wp-json\/wp\/v2\/posts\/9095\/revisions\/9100"}],"wp:featuredmedia":[{"embeddable":true,"href":"https:\/\/www.proteinsecta.com\/en\/wp-json\/wp\/v2\/media\/9097"}],"wp:attachment":[{"href":"https:\/\/www.proteinsecta.com\/en\/wp-json\/wp\/v2\/media?parent=9095"}],"wp:term":[{"taxonomy":"category","embeddable":true,"href":"https:\/\/www.proteinsecta.com\/en\/wp-json\/wp\/v2\/categories?post=9095"},{"taxonomy":"post_tag","embeddable":true,"href":"https:\/\/www.proteinsecta.com\/en\/wp-json\/wp\/v2\/tags?post=9095"}],"curies":[{"name":"wp","href":"https:\/\/api.w.org\/{rel}","templated":true}]}}