{"id":8884,"date":"2024-11-04T16:53:29","date_gmt":"2024-11-04T15:53:29","guid":{"rendered":"https:\/\/www.proteinsecta.com\/?p=8884"},"modified":"2024-11-04T17:23:30","modified_gmt":"2024-11-04T16:23:30","slug":"reunion-sobre-el-futuro-de-la-industria-agroalimentaria","status":"publish","type":"post","link":"https:\/\/www.proteinsecta.com\/en\/2024\/11\/04\/reunion-sobre-el-futuro-de-la-industria-agroalimentaria\/","title":{"rendered":"Proteinsecta participa en la reuni\u00f3n del Grupo de Trabajo del Sector Agroalimentario de UGT FICA"},"content":{"rendered":"<p>El pasado jueves 24 de octubre Proteinsecta particip\u00f3 en la reuni\u00f3n del Grupo de Trabajo del Sector Agroalimentario convocada por <a href=\"https:\/\/www.ugt-fica.org\/\">UGT FICA.<\/a> Este a\u00f1o tuvo lugar en la ciudad de Santiago de Compostela congregando a m\u00faltiples trabajadores del sector y donde se debatieron los temas actuales que m\u00e1s les afectan de forma directa.<\/p>\n<h2>Debatiendo el futuro de la industria agroalimentaria<\/h2>\n<p><img loading=\"lazy\" decoding=\"async\" class=\"wp-image-8912 alignright\" src=\"https:\/\/www.proteinsecta.com\/wp-content\/uploads\/2024\/11\/jornadas-sector-alim-2-300x200.jpeg\" alt=\"\" width=\"281\" height=\"187\" srcset=\"https:\/\/www.proteinsecta.com\/wp-content\/uploads\/2024\/11\/jornadas-sector-alim-2-300x200.jpeg 300w, https:\/\/www.proteinsecta.com\/wp-content\/uploads\/2024\/11\/jornadas-sector-alim-2-1024x683.jpeg 1024w, https:\/\/www.proteinsecta.com\/wp-content\/uploads\/2024\/11\/jornadas-sector-alim-2-768x512.jpeg 768w, https:\/\/www.proteinsecta.com\/wp-content\/uploads\/2024\/11\/jornadas-sector-alim-2-1536x1024.jpeg 1536w, https:\/\/www.proteinsecta.com\/wp-content\/uploads\/2024\/11\/jornadas-sector-alim-2-18x12.jpeg 18w, https:\/\/www.proteinsecta.com\/wp-content\/uploads\/2024\/11\/jornadas-sector-alim-2-360x240.jpeg 360w, https:\/\/www.proteinsecta.com\/wp-content\/uploads\/2024\/11\/jornadas-sector-alim-2-600x400.jpeg 600w, https:\/\/www.proteinsecta.com\/wp-content\/uploads\/2024\/11\/jornadas-sector-alim-2.jpeg 1600w\" sizes=\"(max-width: 281px) 100vw, 281px\" \/><\/p>\n<p>La reuni\u00f3n celebrada los d\u00edas 23 y 24 congreg\u00f3 a diversas organizaciones p\u00fablicas y privadas del sector agroalimentario para debatir sobre su futuro. Algunos de los temas tratados en estas dos jornadas fueron <em>&#8220;El impacto de la automatizaci\u00f3n y la inteligencia artificial en el empleo del sector agroalimentario espa\u00f1ol<\/em>\u201d o\u00a0&#8220;<em>Cadena <\/em><em>Agroalimentaria<\/em>&#8220;.<\/p>\n<p>&nbsp;<\/p>\n<p>&nbsp;<\/p>\n<h2>Proteinsecta participa en la exposici\u00f3n de nuevas oportunidades del sector<\/h2>\n<h2><img loading=\"lazy\" decoding=\"async\" class=\"wp-image-8913 alignleft\" src=\"https:\/\/www.proteinsecta.com\/wp-content\/uploads\/2024\/11\/jornadas-3-300x200.jpeg\" alt=\"\" width=\"278\" height=\"185\" srcset=\"https:\/\/www.proteinsecta.com\/wp-content\/uploads\/2024\/11\/jornadas-3-300x200.jpeg 300w, https:\/\/www.proteinsecta.com\/wp-content\/uploads\/2024\/11\/jornadas-3-1024x683.jpeg 1024w, https:\/\/www.proteinsecta.com\/wp-content\/uploads\/2024\/11\/jornadas-3-768x512.jpeg 768w, https:\/\/www.proteinsecta.com\/wp-content\/uploads\/2024\/11\/jornadas-3-1536x1024.jpeg 1536w, https:\/\/www.proteinsecta.com\/wp-content\/uploads\/2024\/11\/jornadas-3-18x12.jpeg 18w, https:\/\/www.proteinsecta.com\/wp-content\/uploads\/2024\/11\/jornadas-3-360x240.jpeg 360w, https:\/\/www.proteinsecta.com\/wp-content\/uploads\/2024\/11\/jornadas-3-600x400.jpeg 600w, https:\/\/www.proteinsecta.com\/wp-content\/uploads\/2024\/11\/jornadas-3.jpeg 1600w\" sizes=\"(max-width: 278px) 100vw, 278px\" \/><\/h2>\n<p>V\u00edctor Escribano, Bi\u00f3logo y parte del equipo del Departamento de Innovaci\u00f3n y Desarrollo en Proteinsecta, intervino en la mesa &#8220;Nuevos retos del sector Agroalimentario (Seguridad alimentaria, prote\u00ednas alternativas derivadas de insectos, etc.)&#8221;, moderada por Manuela Filgueira, secretaria del sector de Alimentaci\u00f3n, Bebidas y Tabacos de UGT FICA Galicia. En esta ponencia se expusieron los beneficios de la <a href=\"https:\/\/www.proteinsecta.com\/en\/2020\/12\/22\/los-inversores-apuestan-cada-vez-mas-por-la-cria-de-insectos-como-negocio-de-futuro\/\">cr\u00eda de insectos<\/a>, como nuevas fuentes de alimentaci\u00f3n, oportunidades y tendencias en este innovador nicho de mercado.<\/p>\n<h2><\/h2>\n<p>En la intervenci\u00f3n tambi\u00e9n se comentaron los retos a los que se enfrenta la industria alimentaria actualmente. Algunos de estos puntos son:<\/p>\n<ul>\n<li>The<b> industrializaci\u00f3n y automatizaci\u00f3n <\/b>en la producci\u00f3n de insectos para incrementar producci\u00f3n.<\/li>\n<li>The<b> profesionalizaci\u00f3n<\/b> del sector.<\/li>\n<li>Conseguir la inclusi\u00f3n de los insectos como <b>materia prima en Industria Alimentaria.<\/b><\/li>\n<li>La generaci\u00f3n de <strong>mejoras alimentarias<\/strong> en la cr\u00eda de insectos, como por ejemplo, el uso de levaduras.<\/li>\n<li>The <strong>digitalizaci\u00f3n<\/strong> de los procesos de producci\u00f3n y la <strong>automatizaci\u00f3n<\/strong> de las instalaciones.<\/li>\n<\/ul>\n<p>&nbsp;<\/p>\n<h2>La importancia de la acci\u00f3n colectiva del sector<\/h2>\n<p>Todas las mesas de debate de estas jornadas han servido para dar importancia al de la acci\u00f3n colectiva que tiene todo el sector de la industria alimentaria a nivel nacional y tratar temas de suma importancia, incluyendo el debate sobre el modelo de alimentaci\u00f3n actual y sus consecuencias sobre el cambio clim\u00e1tico, al igual que el surgimiento e innovaci\u00f3n de las alternativas de prote\u00ednas y su <a href=\"https:\/\/www.proteinsecta.com\/en\/2021\/12\/27\/importancia-ecologica-de-los-insectos\/\">impacto social en el ecosistema<\/a>.<\/p>\n<p>&nbsp;<\/p>\n<p>Imagen: UCA FICA,<a href=\"https:\/\/www.ugt-fica.org\/component\/eventgallery\/event\/agroalimentariosantiago.html?Itemid=101\">Grupo de Trabajo Sector Agroalimentario 2024<\/a><\/p>","protected":false},"excerpt":{"rendered":"<p>El pasado jueves 24 de octubre Proteinsecta particip\u00f3 en la reuni\u00f3n del Grupo de Trabajo del Sector Agroalimentario convocada por UGT FICA. Este a\u00f1o tuvo lugar en la ciudad de Santiago de Compostela congregando a m\u00faltiples trabajadores del sector y &hellip; <\/p>","protected":false},"author":2,"featured_media":8886,"comment_status":"open","ping_status":"open","sticky":false,"template":"","format":"standard","meta":{"_acf_changed":false,"inline_featured_image":false,"footnotes":""},"categories":[30,20],"tags":[],"class_list":["post-8884","post","type-post","status-publish","format-standard","has-post-thumbnail","hentry","category-investigacion-de-insectos","category-portada"],"acf":[],"yoast_head":"<!-- This site is optimized with the Yoast SEO plugin v23.6 - https:\/\/yoast.com\/wordpress\/plugins\/seo\/ -->\n<title>Proteinsecta participa en la reuni\u00f3n del Grupo de Trabajo del Sector Agroalimentario de UGT FICA - Proteinsecta<\/title>\n<meta name=\"description\" content=\"En la reuni\u00f3n celebrada los d\u00edas 23 y 24 de octubre en Santiago de Compostela, se ha podido debatir el futuro de la industria agroalimentaria\" \/>\n<meta name=\"robots\" content=\"index, follow, max-snippet:-1, max-image-preview:large, max-video-preview:-1\" \/>\n<link rel=\"canonical\" href=\"https:\/\/www.proteinsecta.com\/en\/2024\/11\/04\/reunion-sobre-el-futuro-de-la-industria-agroalimentaria\/\" \/>\n<meta property=\"og:locale\" content=\"en_US\" \/>\n<meta property=\"og:type\" content=\"article\" \/>\n<meta property=\"og:title\" content=\"Proteinsecta participa en la reuni\u00f3n del Grupo de Trabajo del Sector Agroalimentario de UGT FICA - Proteinsecta\" \/>\n<meta property=\"og:description\" content=\"En la reuni\u00f3n celebrada los d\u00edas 23 y 24 de octubre en Santiago de Compostela, se ha podido debatir el futuro de la industria agroalimentaria\" \/>\n<meta property=\"og:url\" content=\"https:\/\/www.proteinsecta.com\/en\/2024\/11\/04\/reunion-sobre-el-futuro-de-la-industria-agroalimentaria\/\" \/>\n<meta property=\"og:site_name\" content=\"Proteinsecta\" \/>\n<meta property=\"article:publisher\" content=\"https:\/\/es-es.facebook.com\/proteinsecta\/\" \/>\n<meta property=\"article:published_time\" content=\"2024-11-04T15:53:29+00:00\" \/>\n<meta property=\"article:modified_time\" content=\"2024-11-04T16:23:30+00:00\" \/>\n<meta property=\"og:image\" content=\"https:\/\/www.proteinsecta.com\/wp-content\/uploads\/2024\/10\/jornadas-sector-agroalimentario.jpeg\" \/>\n\t<meta property=\"og:image:width\" content=\"1600\" \/>\n\t<meta property=\"og:image:height\" content=\"1067\" \/>\n\t<meta property=\"og:image:type\" content=\"image\/jpeg\" \/>\n<meta name=\"author\" content=\"Proteinsecta\" \/>\n<meta name=\"twitter:card\" content=\"summary_large_image\" \/>\n<meta name=\"twitter:label1\" content=\"Written by\" \/>\n\t<meta name=\"twitter:data1\" content=\"Proteinsecta\" \/>\n\t<meta name=\"twitter:label2\" content=\"Est. reading time\" \/>\n\t<meta name=\"twitter:data2\" content=\"3 minutes\" \/>\n<script type=\"application\/ld+json\" class=\"yoast-schema-graph\">{\"@context\":\"https:\/\/schema.org\",\"@graph\":[{\"@type\":\"Article\",\"@id\":\"https:\/\/www.proteinsecta.com\/2024\/11\/04\/reunion-sobre-el-futuro-de-la-industria-agroalimentaria\/#article\",\"isPartOf\":{\"@id\":\"https:\/\/www.proteinsecta.com\/2024\/11\/04\/reunion-sobre-el-futuro-de-la-industria-agroalimentaria\/\"},\"author\":{\"name\":\"Proteinsecta\",\"@id\":\"https:\/\/www.proteinsecta.com\/#\/schema\/person\/dc4ceb0feab68cadf376210f6f3acf18\"},\"headline\":\"Proteinsecta participa en la reuni\u00f3n del Grupo de Trabajo del Sector Agroalimentario de UGT FICA\",\"datePublished\":\"2024-11-04T15:53:29+00:00\",\"dateModified\":\"2024-11-04T16:23:30+00:00\",\"mainEntityOfPage\":{\"@id\":\"https:\/\/www.proteinsecta.com\/2024\/11\/04\/reunion-sobre-el-futuro-de-la-industria-agroalimentaria\/\"},\"wordCount\":416,\"commentCount\":0,\"publisher\":{\"@id\":\"https:\/\/www.proteinsecta.com\/#organization\"},\"image\":{\"@id\":\"https:\/\/www.proteinsecta.com\/2024\/11\/04\/reunion-sobre-el-futuro-de-la-industria-agroalimentaria\/#primaryimage\"},\"thumbnailUrl\":\"https:\/\/www.proteinsecta.com\/wp-content\/uploads\/2024\/10\/jornadas-sector-agroalimentario.jpeg\",\"articleSection\":[\"Investigaci\u00f3n de insectos\",\"Portada\"],\"inLanguage\":\"en-US\",\"potentialAction\":[{\"@type\":\"CommentAction\",\"name\":\"Comment\",\"target\":[\"https:\/\/www.proteinsecta.com\/2024\/11\/04\/reunion-sobre-el-futuro-de-la-industria-agroalimentaria\/#respond\"]}]},{\"@type\":\"WebPage\",\"@id\":\"https:\/\/www.proteinsecta.com\/2024\/11\/04\/reunion-sobre-el-futuro-de-la-industria-agroalimentaria\/\",\"url\":\"https:\/\/www.proteinsecta.com\/2024\/11\/04\/reunion-sobre-el-futuro-de-la-industria-agroalimentaria\/\",\"name\":\"Proteinsecta participa en la reuni\u00f3n del Grupo de Trabajo del Sector Agroalimentario de UGT FICA - Proteinsecta\",\"isPartOf\":{\"@id\":\"https:\/\/www.proteinsecta.com\/#website\"},\"primaryImageOfPage\":{\"@id\":\"https:\/\/www.proteinsecta.com\/2024\/11\/04\/reunion-sobre-el-futuro-de-la-industria-agroalimentaria\/#primaryimage\"},\"image\":{\"@id\":\"https:\/\/www.proteinsecta.com\/2024\/11\/04\/reunion-sobre-el-futuro-de-la-industria-agroalimentaria\/#primaryimage\"},\"thumbnailUrl\":\"https:\/\/www.proteinsecta.com\/wp-content\/uploads\/2024\/10\/jornadas-sector-agroalimentario.jpeg\",\"datePublished\":\"2024-11-04T15:53:29+00:00\",\"dateModified\":\"2024-11-04T16:23:30+00:00\",\"description\":\"En la reuni\u00f3n celebrada los d\u00edas 23 y 24 de octubre en Santiago de Compostela, se ha podido debatir el futuro de la industria agroalimentaria\",\"breadcrumb\":{\"@id\":\"https:\/\/www.proteinsecta.com\/2024\/11\/04\/reunion-sobre-el-futuro-de-la-industria-agroalimentaria\/#breadcrumb\"},\"inLanguage\":\"en-US\",\"potentialAction\":[{\"@type\":\"ReadAction\",\"target\":[\"https:\/\/www.proteinsecta.com\/2024\/11\/04\/reunion-sobre-el-futuro-de-la-industria-agroalimentaria\/\"]}]},{\"@type\":\"ImageObject\",\"inLanguage\":\"en-US\",\"@id\":\"https:\/\/www.proteinsecta.com\/2024\/11\/04\/reunion-sobre-el-futuro-de-la-industria-agroalimentaria\/#primaryimage\",\"url\":\"https:\/\/www.proteinsecta.com\/wp-content\/uploads\/2024\/10\/jornadas-sector-agroalimentario.jpeg\",\"contentUrl\":\"https:\/\/www.proteinsecta.com\/wp-content\/uploads\/2024\/10\/jornadas-sector-agroalimentario.jpeg\",\"width\":1600,\"height\":1067,\"caption\":\"jornadas sector agroalimentario Santiago de Compostela\"},{\"@type\":\"BreadcrumbList\",\"@id\":\"https:\/\/www.proteinsecta.com\/2024\/11\/04\/reunion-sobre-el-futuro-de-la-industria-agroalimentaria\/#breadcrumb\",\"itemListElement\":[{\"@type\":\"ListItem\",\"position\":1,\"name\":\"Portada\",\"item\":\"https:\/\/www.proteinsecta.com\/\"},{\"@type\":\"ListItem\",\"position\":2,\"name\":\"Proteinsecta participa en la reuni\u00f3n del Grupo de Trabajo del Sector Agroalimentario de UGT FICA\"}]},{\"@type\":\"WebSite\",\"@id\":\"https:\/\/www.proteinsecta.com\/#website\",\"url\":\"https:\/\/www.proteinsecta.com\/\",\"name\":\"Proteinsecta\",\"description\":\"Expertos en granjas de insectos\",\"publisher\":{\"@id\":\"https:\/\/www.proteinsecta.com\/#organization\"},\"alternateName\":\"Proteinsecta\",\"potentialAction\":[{\"@type\":\"SearchAction\",\"target\":{\"@type\":\"EntryPoint\",\"urlTemplate\":\"https:\/\/www.proteinsecta.com\/?s={search_term_string}\"},\"query-input\":{\"@type\":\"PropertyValueSpecification\",\"valueRequired\":true,\"valueName\":\"search_term_string\"}}],\"inLanguage\":\"en-US\"},{\"@type\":\"Organization\",\"@id\":\"https:\/\/www.proteinsecta.com\/#organization\",\"name\":\"Proteinsecta\",\"url\":\"https:\/\/www.proteinsecta.com\/\",\"logo\":{\"@type\":\"ImageObject\",\"inLanguage\":\"en-US\",\"@id\":\"https:\/\/www.proteinsecta.com\/#\/schema\/logo\/image\/\",\"url\":\"https:\/\/www.proteinsecta.com\/wp-content\/uploads\/2023\/08\/Proteinsecta-Logo-y-Marca-Azul.svg\",\"contentUrl\":\"https:\/\/www.proteinsecta.com\/wp-content\/uploads\/2023\/08\/Proteinsecta-Logo-y-Marca-Azul.svg\",\"width\":\"1024\",\"height\":\"1024\",\"caption\":\"Proteinsecta\"},\"image\":{\"@id\":\"https:\/\/www.proteinsecta.com\/#\/schema\/logo\/image\/\"},\"sameAs\":[\"https:\/\/es-es.facebook.com\/proteinsecta\/\",\"https:\/\/www.instagram.com\/proteinsecta_oficial\",\"https:\/\/es.linkedin.com\/company\/proteinsecta\"]},{\"@type\":\"Person\",\"@id\":\"https:\/\/www.proteinsecta.com\/#\/schema\/person\/dc4ceb0feab68cadf376210f6f3acf18\",\"name\":\"Proteinsecta\",\"image\":{\"@type\":\"ImageObject\",\"inLanguage\":\"en-US\",\"@id\":\"https:\/\/www.proteinsecta.com\/#\/schema\/person\/image\/\",\"url\":\"https:\/\/secure.gravatar.com\/avatar\/54455b52a2fd61c7845b7dbefaa4e333?s=96&d=mm&r=g\",\"contentUrl\":\"https:\/\/secure.gravatar.com\/avatar\/54455b52a2fd61c7845b7dbefaa4e333?s=96&d=mm&r=g\",\"caption\":\"Proteinsecta\"},\"sameAs\":[\"http:\/\/proteinsecta.com\"]}]}<\/script>\n<!-- \/ Yoast SEO plugin. -->","yoast_head_json":{"title":"Proteinsecta participa en la reuni\u00f3n del Grupo de Trabajo del Sector Agroalimentario de UGT FICA - Proteinsecta","description":"En la reuni\u00f3n celebrada los d\u00edas 23 y 24 de octubre en Santiago de Compostela, se ha podido debatir el futuro de la industria agroalimentaria","robots":{"index":"index","follow":"follow","max-snippet":"max-snippet:-1","max-image-preview":"max-image-preview:large","max-video-preview":"max-video-preview:-1"},"canonical":"https:\/\/www.proteinsecta.com\/en\/2024\/11\/04\/reunion-sobre-el-futuro-de-la-industria-agroalimentaria\/","og_locale":"en_US","og_type":"article","og_title":"Proteinsecta participa en la reuni\u00f3n del Grupo de Trabajo del Sector Agroalimentario de UGT FICA - Proteinsecta","og_description":"En la reuni\u00f3n celebrada los d\u00edas 23 y 24 de octubre en Santiago de Compostela, se ha podido debatir el futuro de la industria agroalimentaria","og_url":"https:\/\/www.proteinsecta.com\/en\/2024\/11\/04\/reunion-sobre-el-futuro-de-la-industria-agroalimentaria\/","og_site_name":"Proteinsecta","article_publisher":"https:\/\/es-es.facebook.com\/proteinsecta\/","article_published_time":"2024-11-04T15:53:29+00:00","article_modified_time":"2024-11-04T16:23:30+00:00","og_image":[{"width":1600,"height":1067,"url":"https:\/\/www.proteinsecta.com\/wp-content\/uploads\/2024\/10\/jornadas-sector-agroalimentario.jpeg","type":"image\/jpeg"}],"author":"Proteinsecta","twitter_card":"summary_large_image","twitter_misc":{"Written by":"Proteinsecta","Est. reading time":"3 minutes"},"schema":{"@context":"https:\/\/schema.org","@graph":[{"@type":"Article","@id":"https:\/\/www.proteinsecta.com\/2024\/11\/04\/reunion-sobre-el-futuro-de-la-industria-agroalimentaria\/#article","isPartOf":{"@id":"https:\/\/www.proteinsecta.com\/2024\/11\/04\/reunion-sobre-el-futuro-de-la-industria-agroalimentaria\/"},"author":{"name":"Proteinsecta","@id":"https:\/\/www.proteinsecta.com\/#\/schema\/person\/dc4ceb0feab68cadf376210f6f3acf18"},"headline":"Proteinsecta participa en la reuni\u00f3n del Grupo de Trabajo del Sector Agroalimentario de UGT FICA","datePublished":"2024-11-04T15:53:29+00:00","dateModified":"2024-11-04T16:23:30+00:00","mainEntityOfPage":{"@id":"https:\/\/www.proteinsecta.com\/2024\/11\/04\/reunion-sobre-el-futuro-de-la-industria-agroalimentaria\/"},"wordCount":416,"commentCount":0,"publisher":{"@id":"https:\/\/www.proteinsecta.com\/#organization"},"image":{"@id":"https:\/\/www.proteinsecta.com\/2024\/11\/04\/reunion-sobre-el-futuro-de-la-industria-agroalimentaria\/#primaryimage"},"thumbnailUrl":"https:\/\/www.proteinsecta.com\/wp-content\/uploads\/2024\/10\/jornadas-sector-agroalimentario.jpeg","articleSection":["Investigaci\u00f3n de insectos","Portada"],"inLanguage":"en-US","potentialAction":[{"@type":"CommentAction","name":"Comment","target":["https:\/\/www.proteinsecta.com\/2024\/11\/04\/reunion-sobre-el-futuro-de-la-industria-agroalimentaria\/#respond"]}]},{"@type":"WebPage","@id":"https:\/\/www.proteinsecta.com\/2024\/11\/04\/reunion-sobre-el-futuro-de-la-industria-agroalimentaria\/","url":"https:\/\/www.proteinsecta.com\/2024\/11\/04\/reunion-sobre-el-futuro-de-la-industria-agroalimentaria\/","name":"Proteinsecta participa en la reuni\u00f3n del Grupo de Trabajo del Sector Agroalimentario de UGT FICA - Proteinsecta","isPartOf":{"@id":"https:\/\/www.proteinsecta.com\/#website"},"primaryImageOfPage":{"@id":"https:\/\/www.proteinsecta.com\/2024\/11\/04\/reunion-sobre-el-futuro-de-la-industria-agroalimentaria\/#primaryimage"},"image":{"@id":"https:\/\/www.proteinsecta.com\/2024\/11\/04\/reunion-sobre-el-futuro-de-la-industria-agroalimentaria\/#primaryimage"},"thumbnailUrl":"https:\/\/www.proteinsecta.com\/wp-content\/uploads\/2024\/10\/jornadas-sector-agroalimentario.jpeg","datePublished":"2024-11-04T15:53:29+00:00","dateModified":"2024-11-04T16:23:30+00:00","description":"En la reuni\u00f3n celebrada los d\u00edas 23 y 24 de octubre en Santiago de Compostela, se ha podido debatir el futuro de la industria agroalimentaria","breadcrumb":{"@id":"https:\/\/www.proteinsecta.com\/2024\/11\/04\/reunion-sobre-el-futuro-de-la-industria-agroalimentaria\/#breadcrumb"},"inLanguage":"en-US","potentialAction":[{"@type":"ReadAction","target":["https:\/\/www.proteinsecta.com\/2024\/11\/04\/reunion-sobre-el-futuro-de-la-industria-agroalimentaria\/"]}]},{"@type":"ImageObject","inLanguage":"en-US","@id":"https:\/\/www.proteinsecta.com\/2024\/11\/04\/reunion-sobre-el-futuro-de-la-industria-agroalimentaria\/#primaryimage","url":"https:\/\/www.proteinsecta.com\/wp-content\/uploads\/2024\/10\/jornadas-sector-agroalimentario.jpeg","contentUrl":"https:\/\/www.proteinsecta.com\/wp-content\/uploads\/2024\/10\/jornadas-sector-agroalimentario.jpeg","width":1600,"height":1067,"caption":"jornadas sector agroalimentario Santiago de Compostela"},{"@type":"BreadcrumbList","@id":"https:\/\/www.proteinsecta.com\/2024\/11\/04\/reunion-sobre-el-futuro-de-la-industria-agroalimentaria\/#breadcrumb","itemListElement":[{"@type":"ListItem","position":1,"name":"Portada","item":"https:\/\/www.proteinsecta.com\/"},{"@type":"ListItem","position":2,"name":"Proteinsecta participa en la reuni\u00f3n del Grupo de Trabajo del Sector Agroalimentario de UGT FICA"}]},{"@type":"WebSite","@id":"https:\/\/www.proteinsecta.com\/#website","url":"https:\/\/www.proteinsecta.com\/","name":"Proteinsecta","description":"Expertos en granjas de insectos","publisher":{"@id":"https:\/\/www.proteinsecta.com\/#organization"},"alternateName":"Proteinsecta","potentialAction":[{"@type":"SearchAction","target":{"@type":"EntryPoint","urlTemplate":"https:\/\/www.proteinsecta.com\/?s={search_term_string}"},"query-input":{"@type":"PropertyValueSpecification","valueRequired":true,"valueName":"search_term_string"}}],"inLanguage":"en-US"},{"@type":"Organization","@id":"https:\/\/www.proteinsecta.com\/#organization","name":"Proteinsecta","url":"https:\/\/www.proteinsecta.com\/","logo":{"@type":"ImageObject","inLanguage":"en-US","@id":"https:\/\/www.proteinsecta.com\/#\/schema\/logo\/image\/","url":"https:\/\/www.proteinsecta.com\/wp-content\/uploads\/2023\/08\/Proteinsecta-Logo-y-Marca-Azul.svg","contentUrl":"https:\/\/www.proteinsecta.com\/wp-content\/uploads\/2023\/08\/Proteinsecta-Logo-y-Marca-Azul.svg","width":"1024","height":"1024","caption":"Proteinsecta"},"image":{"@id":"https:\/\/www.proteinsecta.com\/#\/schema\/logo\/image\/"},"sameAs":["https:\/\/es-es.facebook.com\/proteinsecta\/","https:\/\/www.instagram.com\/proteinsecta_oficial","https:\/\/es.linkedin.com\/company\/proteinsecta"]},{"@type":"Person","@id":"https:\/\/www.proteinsecta.com\/#\/schema\/person\/dc4ceb0feab68cadf376210f6f3acf18","name":"Proteinsecta","image":{"@type":"ImageObject","inLanguage":"en-US","@id":"https:\/\/www.proteinsecta.com\/#\/schema\/person\/image\/","url":"https:\/\/secure.gravatar.com\/avatar\/54455b52a2fd61c7845b7dbefaa4e333?s=96&d=mm&r=g","contentUrl":"https:\/\/secure.gravatar.com\/avatar\/54455b52a2fd61c7845b7dbefaa4e333?s=96&d=mm&r=g","caption":"Proteinsecta"},"sameAs":["http:\/\/proteinsecta.com"]}]}},"_links":{"self":[{"href":"https:\/\/www.proteinsecta.com\/en\/wp-json\/wp\/v2\/posts\/8884"}],"collection":[{"href":"https:\/\/www.proteinsecta.com\/en\/wp-json\/wp\/v2\/posts"}],"about":[{"href":"https:\/\/www.proteinsecta.com\/en\/wp-json\/wp\/v2\/types\/post"}],"author":[{"embeddable":true,"href":"https:\/\/www.proteinsecta.com\/en\/wp-json\/wp\/v2\/users\/2"}],"replies":[{"embeddable":true,"href":"https:\/\/www.proteinsecta.com\/en\/wp-json\/wp\/v2\/comments?post=8884"}],"version-history":[{"count":5,"href":"https:\/\/www.proteinsecta.com\/en\/wp-json\/wp\/v2\/posts\/8884\/revisions"}],"predecessor-version":[{"id":8923,"href":"https:\/\/www.proteinsecta.com\/en\/wp-json\/wp\/v2\/posts\/8884\/revisions\/8923"}],"wp:featuredmedia":[{"embeddable":true,"href":"https:\/\/www.proteinsecta.com\/en\/wp-json\/wp\/v2\/media\/8886"}],"wp:attachment":[{"href":"https:\/\/www.proteinsecta.com\/en\/wp-json\/wp\/v2\/media?parent=8884"}],"wp:term":[{"taxonomy":"category","embeddable":true,"href":"https:\/\/www.proteinsecta.com\/en\/wp-json\/wp\/v2\/categories?post=8884"},{"taxonomy":"post_tag","embeddable":true,"href":"https:\/\/www.proteinsecta.com\/en\/wp-json\/wp\/v2\/tags?post=8884"}],"curies":[{"name":"wp","href":"https:\/\/api.w.org\/{rel}","templated":true}]}}