{"id":3116,"date":"2019-10-16T11:12:05","date_gmt":"2019-10-16T11:12:05","guid":{"rendered":"https:\/\/www.proteinsecta.com\/?p=3116"},"modified":"2019-10-16T11:12:05","modified_gmt":"2019-10-16T11:12:05","slug":"proteinsecta-asamblea-aproinsecta-en-asaja","status":"publish","type":"post","link":"https:\/\/www.proteinsecta.com\/en\/2019\/10\/16\/proteinsecta-asamblea-aproinsecta-en-asaja\/","title":{"rendered":"Asamblea de Aproinsecta en ASAJA Madrid"},"content":{"rendered":"<p>El pasado 3 de octubre tuvo lugar la primera reuni\u00f3n oficial, tras la presentaci\u00f3n de la asociaci\u00f3n, realizada en las instalaciones de ASAJA en la capital espa\u00f1ola. Durante la primera parte se habl\u00f3 de la situaci\u00f3n actual de la agrupaci\u00f3n para m\u00e1s tarde dar paso a la jornada t\u00e9cnica en la que se contestaron dudas t\u00e9cnicas a todos los socios asistentes.<!--more--><\/p>\n<h2>Asamblea Aproinsecta en ASAJA Madrid<\/h2>\n<p>Convocados socios e interesados dio comienzo la primera asamblea oficial de Aproinsecta (Asociaci\u00f3n Profesional Nacional para la innovaci\u00f3n y desarrollo del sector de la insecticultura en Espa\u00f1a). Para dinamizar dicha asamblea se decidi\u00f3 dividirla en dos tem\u00e1ticas: reuni\u00f3n previa con socios e interesados y posterior jornada t\u00e9cnica. Vamos a ver detalles de c\u00f3mo se llev\u00f3 a cabo.<\/p>\n<h3>Reuni\u00f3n previa con socios<\/h3>\n<p>A las 10:00 horas daba comienzo la asamblea que la inauguraba la reuni\u00f3n con socios y no socios <a href=\"https:\/\/www.aproinsecta.org\/wp-content\/uploads\/2019\/09\/Ficha-Asociado-APROINSECTA-TIPO.pdf\" rel=\"nofollow\">interesados en asociarse a Aproinsecta<\/a>. En esta reuni\u00f3n se trataron temas importantes para el futuro de la asociaci\u00f3n:<\/p>\n<ul>\n<li><strong>Situaci\u00f3n de APROINSECTA:<\/strong> se analizaron las altas de socios, miembros, acciones llevadas y por llevar a cabo, constituci\u00f3n de las regionales y el calendario de actuaciones.<\/li>\n<li><strong>Estrategia de la asociaci\u00f3n<\/strong>:\n<ul>\n<li>Participar en la reglamentaci\u00f3n y normativa que se nos aplica.<\/li>\n<li>Apoyar t\u00e9cnicamente a nuestras empresas para obtener licencias de actividad. Analizar c\u00f3mo prestar soporte a las empresas socias.<\/li>\n<li>Crear alianzas con otras asociaciones en la UE: an\u00e1lisis de asociaciones internacionales en pro del beneficio mutuo.<\/li>\n<li>An\u00e1lisis de la situaci\u00f3n actual de los insectos para alimentaci\u00f3n humana.<\/li>\n<li>Posibles actuaciones de la asociaci\u00f3n para adaptar al sector a la nueva normativa (Novel Food).<\/li>\n<\/ul>\n<\/li>\n<li><strong>Acciones formativas:<\/strong> informar sobre los tipos de formaci\u00f3n disponible para llevarla a cabo en los pr\u00f3ximos meses a trav\u00e9s de planes de formaci\u00f3n.\n<ul>\n<li>Cr\u00eda Mosca Soldado Negra<\/li>\n<li>Proyectos de\u00a0innovaci\u00f3n y subvenciones<\/li>\n<li>C\u00f3mo convertir la insecticultura en un negocio<\/li>\n<\/ul>\n<\/li>\n<li><strong>Grupos de trabajo<\/strong><\/li>\n<\/ul>\n<p>Se daba fin a esta reuni\u00f3n con una ronda de ruegos y preguntas entre los socios asistentes.\u00a0A continuaci\u00f3n comenzaba la jornada t\u00e9cnica.<\/p>\n<h3>Jornada T\u00e9cnica impartida por Proteinsecta<\/h3>\n<p>Eran las 12:30 horas de la ma\u00f1ana del 3 de octubre y daba comienzo la jornada t\u00e9cnica, en la cual tuvimos la suerte de poder participar informando a nuestros socios compa\u00f1eros. Esta jornada t\u00e9cnica se divid\u00eda en tres bloques: un bloque com\u00fan: seguridad alimentaria e higiene, charla sobre la cr\u00eda de <a href=\"https:\/\/www.proteinsecta.com\/en\/tenebrio-molitor-gusano-de-la-harina\/\">Tenebrio molitor<\/a> y charla sobre la cr\u00eda de <a href=\"https:\/\/www.proteinsecta.com\/en\/grillo-acheta-domesticus\/\">Acheta Domestica<\/a>, dos de las especies m\u00e1s comercializadas como alimento vivo.<\/p>\n<ol>\n<li><strong>Bloque com\u00fan: SEGURIDAD ALIMENTARIA E HIGIENE.<\/strong>\n<ol>\n<li>\u00bfPara qu\u00e9 sirve la inocuidad alimentaria?<\/li>\n<li>Legislaci\u00f3n aplicable a los alimentos.\n<ol>\n<li>Petfood.<\/li>\n<li>Alimentaci\u00f3n animal.<\/li>\n<li>Alimentaci\u00f3n humana.<\/li>\n<\/ol>\n<\/li>\n<li>Alimentaci\u00f3n animal.\n<ol>\n<li>Origen de la legislaci\u00f3n de la prote\u00edna animal<\/li>\n<li>Interpretaci\u00f3n alternativa del listado de ingredientes para piensos de la legislaci\u00f3n vigente. A<\/li>\n<\/ol>\n<\/li>\n<li>Alimentaci\u00f3n humana.\n<ol>\n<li>Cat\u00e1logo de novel foods: breve explicaci\u00f3n de los estudios a presentar<\/li>\n<li>Estado de las autorizaciones.<\/li>\n<li>Propiedad intelectual de los solicitantes.<\/li>\n<\/ol>\n<\/li>\n<\/ol>\n<\/li>\n<li><strong>Charla t\u00e9cnica: INTRODUCCI\u00d3N A LA CR\u00cdA DE TENEBRIO MOLITOR\u00a0<\/strong><em>Charla impartida por nuestra compa\u00f1era Ana Garc\u00eda.<\/em>\n<ol>\n<li>CICLO BIOL\u00d3GICO.<\/li>\n<li>AMBIENTE Y METODOLOG\u00cdA DE CR\u00cdA.<\/li>\n<li>REPRODUCCI\u00d3N.<\/li>\n<li>PLAGAS ASOCIADOS A LA CR\u00cdA DEL TM.<\/li>\n<li>Ronda de preguntas.<\/li>\n<\/ol>\n<\/li>\n<li><strong>Charla t\u00e9cnica: INTRODUCCI\u00d3N A LA CR\u00cdA DE ACHETA DOM\u00c9STICA\u00a0<\/strong><em>Charla impartida por Manuel Lucena de Proteinsecta.<\/em>\n<ol>\n<li>CICLO BIOL\u00d3GICO.<\/li>\n<li>AMBIENTE Y METODOLOG\u00cdA DE CR\u00cdA.<\/li>\n<li>REPRODUCCI\u00d3N.<\/li>\n<li>PLAGAS ASOCIADOS A LA CR\u00cdA DE ACHETA DOMESTICA.<\/li>\n<li>Ronda de preguntas.<\/li>\n<\/ol>\n<\/li>\n<\/ol>\n<p style=\"text-align: center;\">[dt_default_button link=&#8221;https:\/\/www.proteinsecta.com\/&#8221; button_alignment=&#8221;default&#8221; animation=&#8221;fadeIn&#8221; size=&#8221;medium&#8221; default_btn_bg_color=&#8221;&#8221; bg_hover_color=&#8221;&#8221; text_color=&#8221;&#8221; text_hover_color=&#8221;&#8221; icon=&#8221;fa fa-chevron-circle-right&#8221; icon_align=&#8221;left&#8221;]CONSULTOR\u00cdA PARA LA CREACI\u00d3N DE GRANJAS DE INSECTOS[\/dt_default_button]<\/p>\n<h2>Aplicaciones en Granjas de Insectos<\/h2>\n<p>Las charlas t\u00e9cnicas, impartidas por Ana y Manuel de <a href=\"https:\/\/www.proteinsecta.com\/en\/empresa\/\">Proteinsecta,<\/a> sirvieron de ayuda a la hora de evaluar la actividad y solicitar informaci\u00f3n directa de criadores profesionales de estas especies. Estas charlas tuvieron un car\u00e1cter introductorio, para aquellos que est\u00e1n empezando en el mundo de la creaci\u00f3n de Granjas de Insectos. A pesar de ello se resolvieron dudas t\u00e9cnicas para los profesionales m\u00e1s avanzados en la cr\u00eda de insectos.<\/p>\n<p>En Proteinsecta te ayudamos en la creaci\u00f3n de tu pr\u00f3xima <a href=\"https:\/\/www.proteinsecta.com\/en\/granja-de-insectos\/\">Granja de Insectos<\/a>. Ahora mismo existe una gran demanda de insecto vivo como pueden ser los grillos o las cucarachas. Estos son utilizados para alimentar a los animales de sectores como la ganader\u00eda, la acuicultura y la avicultura. La composici\u00f3n nutricional de estos insectos los hacen un alimento rico en prote\u00ednas y bajo en grasas que lo sit\u00faa como la opci\u00f3n principal de futuro para la alimentaci\u00f3n humana.<\/p>\n<p>Adem\u00e1s, aunque el incremento de la oferta en cuanto a insectos vivos no para de crecer, tambi\u00e9n es interesante centrarse en los piensos para acuicultura. En este sentido queda muchas v\u00edas por investigar y pueden convertirse en un nicho de mercado interesante para los criadores de insectos.<\/p>\n<p>Como socios, no queremos dejar de agradecer la asistencia de todas las empresas convocadas y la gran acogida por parte de todos los profesionales que asistieron, esta primera asamblea no tuvo coste para los socios.<\/p>\n<p>Si en esta ocasi\u00f3n no pudiste asistir o no pudiste reservar tu plaza, te animamos a mantenerte informado de los avances de <a href=\"https:\/\/www.aproinsecta.org\/\" rel=\"nofollow\">Aproinsecta<\/a> y a participar en actuaciones de futuro, es esencial ser activo en este momento de crecimiento inicial.<\/p>","protected":false},"excerpt":{"rendered":"<p>El pasado 3 de octubre tuvo lugar la primera reuni\u00f3n oficial, tras la presentaci\u00f3n de la asociaci\u00f3n, realizada en las instalaciones de ASAJA en la capital espa\u00f1ola. Durante la primera parte se habl\u00f3 de la situaci\u00f3n actual de la agrupaci\u00f3n &hellip; <\/p>","protected":false},"author":2,"featured_media":3119,"comment_status":"closed","ping_status":"closed","sticky":false,"template":"","format":"standard","meta":{"_acf_changed":false,"inline_featured_image":false,"footnotes":""},"categories":[33],"tags":[],"class_list":["post-3116","post","type-post","status-publish","format-standard","has-post-thumbnail","hentry","category-como-criar-insectos"],"acf":[],"yoast_head":"<!-- This site is optimized with the Yoast SEO plugin v23.6 - https:\/\/yoast.com\/wordpress\/plugins\/seo\/ -->\n<title>Asamblea de Aproinsecta en ASAJA Madrid - Proteinsecta<\/title>\n<meta name=\"description\" content=\"Hacemos un resumen de nuestro paso por la Asamblea de Insecticultura organizada por Aproinsecta en las instalaciones de ASAJA Madrid. \u00a1Te lo contamos todo!\" \/>\n<meta name=\"robots\" content=\"index, follow, max-snippet:-1, max-image-preview:large, max-video-preview:-1\" \/>\n<link rel=\"canonical\" href=\"https:\/\/www.proteinsecta.com\/en\/2019\/10\/16\/proteinsecta-asamblea-aproinsecta-en-asaja\/\" \/>\n<meta property=\"og:locale\" content=\"en_US\" \/>\n<meta property=\"og:type\" content=\"article\" \/>\n<meta property=\"og:title\" content=\"Asamblea de Aproinsecta en ASAJA Madrid - Proteinsecta\" \/>\n<meta property=\"og:description\" content=\"Hacemos un resumen de nuestro paso por la Asamblea de Insecticultura organizada por Aproinsecta en las instalaciones de ASAJA Madrid. \u00a1Te lo contamos todo!\" \/>\n<meta property=\"og:url\" content=\"https:\/\/www.proteinsecta.com\/en\/2019\/10\/16\/proteinsecta-asamblea-aproinsecta-en-asaja\/\" \/>\n<meta property=\"og:site_name\" content=\"Proteinsecta\" \/>\n<meta property=\"article:publisher\" content=\"https:\/\/es-es.facebook.com\/proteinsecta\/\" \/>\n<meta property=\"article:published_time\" content=\"2019-10-16T11:12:05+00:00\" \/>\n<meta property=\"og:image\" content=\"https:\/\/www.proteinsecta.com\/wp-content\/uploads\/2019\/10\/asamblea-aproinsecta.jpg\" \/>\n\t<meta property=\"og:image:width\" content=\"795\" \/>\n\t<meta property=\"og:image:height\" content=\"417\" \/>\n\t<meta property=\"og:image:type\" content=\"image\/jpeg\" \/>\n<meta name=\"author\" content=\"Proteinsecta\" \/>\n<meta name=\"twitter:card\" content=\"summary_large_image\" \/>\n<meta name=\"twitter:label1\" content=\"Written by\" \/>\n\t<meta name=\"twitter:data1\" content=\"Proteinsecta\" \/>\n\t<meta name=\"twitter:label2\" content=\"Est. reading time\" \/>\n\t<meta name=\"twitter:data2\" content=\"5 minutes\" \/>\n<script type=\"application\/ld+json\" class=\"yoast-schema-graph\">{\"@context\":\"https:\/\/schema.org\",\"@graph\":[{\"@type\":\"Article\",\"@id\":\"https:\/\/www.proteinsecta.com\/2019\/10\/16\/proteinsecta-asamblea-aproinsecta-en-asaja\/#article\",\"isPartOf\":{\"@id\":\"https:\/\/www.proteinsecta.com\/2019\/10\/16\/proteinsecta-asamblea-aproinsecta-en-asaja\/\"},\"author\":{\"name\":\"Proteinsecta\",\"@id\":\"https:\/\/www.proteinsecta.com\/#\/schema\/person\/dc4ceb0feab68cadf376210f6f3acf18\"},\"headline\":\"Asamblea de Aproinsecta en ASAJA Madrid\",\"datePublished\":\"2019-10-16T11:12:05+00:00\",\"dateModified\":\"2019-10-16T11:12:05+00:00\",\"mainEntityOfPage\":{\"@id\":\"https:\/\/www.proteinsecta.com\/2019\/10\/16\/proteinsecta-asamblea-aproinsecta-en-asaja\/\"},\"wordCount\":964,\"publisher\":{\"@id\":\"https:\/\/www.proteinsecta.com\/#organization\"},\"image\":{\"@id\":\"https:\/\/www.proteinsecta.com\/2019\/10\/16\/proteinsecta-asamblea-aproinsecta-en-asaja\/#primaryimage\"},\"thumbnailUrl\":\"https:\/\/www.proteinsecta.com\/wp-content\/uploads\/2019\/10\/asamblea-aproinsecta.jpg\",\"articleSection\":[\"C\u00f3mo criar insectos\"],\"inLanguage\":\"en-US\"},{\"@type\":\"WebPage\",\"@id\":\"https:\/\/www.proteinsecta.com\/2019\/10\/16\/proteinsecta-asamblea-aproinsecta-en-asaja\/\",\"url\":\"https:\/\/www.proteinsecta.com\/2019\/10\/16\/proteinsecta-asamblea-aproinsecta-en-asaja\/\",\"name\":\"Asamblea de Aproinsecta en ASAJA Madrid - Proteinsecta\",\"isPartOf\":{\"@id\":\"https:\/\/www.proteinsecta.com\/#website\"},\"primaryImageOfPage\":{\"@id\":\"https:\/\/www.proteinsecta.com\/2019\/10\/16\/proteinsecta-asamblea-aproinsecta-en-asaja\/#primaryimage\"},\"image\":{\"@id\":\"https:\/\/www.proteinsecta.com\/2019\/10\/16\/proteinsecta-asamblea-aproinsecta-en-asaja\/#primaryimage\"},\"thumbnailUrl\":\"https:\/\/www.proteinsecta.com\/wp-content\/uploads\/2019\/10\/asamblea-aproinsecta.jpg\",\"datePublished\":\"2019-10-16T11:12:05+00:00\",\"dateModified\":\"2019-10-16T11:12:05+00:00\",\"description\":\"Hacemos un resumen de nuestro paso por la Asamblea de Insecticultura organizada por Aproinsecta en las instalaciones de ASAJA Madrid. \u00a1Te lo contamos todo!\",\"breadcrumb\":{\"@id\":\"https:\/\/www.proteinsecta.com\/2019\/10\/16\/proteinsecta-asamblea-aproinsecta-en-asaja\/#breadcrumb\"},\"inLanguage\":\"en-US\",\"potentialAction\":[{\"@type\":\"ReadAction\",\"target\":[\"https:\/\/www.proteinsecta.com\/2019\/10\/16\/proteinsecta-asamblea-aproinsecta-en-asaja\/\"]}]},{\"@type\":\"ImageObject\",\"inLanguage\":\"en-US\",\"@id\":\"https:\/\/www.proteinsecta.com\/2019\/10\/16\/proteinsecta-asamblea-aproinsecta-en-asaja\/#primaryimage\",\"url\":\"https:\/\/www.proteinsecta.com\/wp-content\/uploads\/2019\/10\/asamblea-aproinsecta.jpg\",\"contentUrl\":\"https:\/\/www.proteinsecta.com\/wp-content\/uploads\/2019\/10\/asamblea-aproinsecta.jpg\",\"width\":795,\"height\":417,\"caption\":\"Proteinsecta participa en la Asamblea de Aproinsecta en ASAJA\"},{\"@type\":\"BreadcrumbList\",\"@id\":\"https:\/\/www.proteinsecta.com\/2019\/10\/16\/proteinsecta-asamblea-aproinsecta-en-asaja\/#breadcrumb\",\"itemListElement\":[{\"@type\":\"ListItem\",\"position\":1,\"name\":\"Portada\",\"item\":\"https:\/\/www.proteinsecta.com\/\"},{\"@type\":\"ListItem\",\"position\":2,\"name\":\"Asamblea de Aproinsecta en ASAJA Madrid\"}]},{\"@type\":\"WebSite\",\"@id\":\"https:\/\/www.proteinsecta.com\/#website\",\"url\":\"https:\/\/www.proteinsecta.com\/\",\"name\":\"Proteinsecta\",\"description\":\"Expertos en granjas de insectos\",\"publisher\":{\"@id\":\"https:\/\/www.proteinsecta.com\/#organization\"},\"alternateName\":\"Proteinsecta\",\"potentialAction\":[{\"@type\":\"SearchAction\",\"target\":{\"@type\":\"EntryPoint\",\"urlTemplate\":\"https:\/\/www.proteinsecta.com\/?s={search_term_string}\"},\"query-input\":{\"@type\":\"PropertyValueSpecification\",\"valueRequired\":true,\"valueName\":\"search_term_string\"}}],\"inLanguage\":\"en-US\"},{\"@type\":\"Organization\",\"@id\":\"https:\/\/www.proteinsecta.com\/#organization\",\"name\":\"Proteinsecta\",\"url\":\"https:\/\/www.proteinsecta.com\/\",\"logo\":{\"@type\":\"ImageObject\",\"inLanguage\":\"en-US\",\"@id\":\"https:\/\/www.proteinsecta.com\/#\/schema\/logo\/image\/\",\"url\":\"https:\/\/www.proteinsecta.com\/wp-content\/uploads\/2023\/08\/Proteinsecta-Logo-y-Marca-Azul.svg\",\"contentUrl\":\"https:\/\/www.proteinsecta.com\/wp-content\/uploads\/2023\/08\/Proteinsecta-Logo-y-Marca-Azul.svg\",\"width\":\"1024\",\"height\":\"1024\",\"caption\":\"Proteinsecta\"},\"image\":{\"@id\":\"https:\/\/www.proteinsecta.com\/#\/schema\/logo\/image\/\"},\"sameAs\":[\"https:\/\/es-es.facebook.com\/proteinsecta\/\",\"https:\/\/www.instagram.com\/proteinsecta_oficial\",\"https:\/\/es.linkedin.com\/company\/proteinsecta\"]},{\"@type\":\"Person\",\"@id\":\"https:\/\/www.proteinsecta.com\/#\/schema\/person\/dc4ceb0feab68cadf376210f6f3acf18\",\"name\":\"Proteinsecta\",\"image\":{\"@type\":\"ImageObject\",\"inLanguage\":\"en-US\",\"@id\":\"https:\/\/www.proteinsecta.com\/#\/schema\/person\/image\/\",\"url\":\"https:\/\/secure.gravatar.com\/avatar\/54455b52a2fd61c7845b7dbefaa4e333?s=96&d=mm&r=g\",\"contentUrl\":\"https:\/\/secure.gravatar.com\/avatar\/54455b52a2fd61c7845b7dbefaa4e333?s=96&d=mm&r=g\",\"caption\":\"Proteinsecta\"},\"sameAs\":[\"http:\/\/proteinsecta.com\"]}]}<\/script>\n<!-- \/ Yoast SEO plugin. -->","yoast_head_json":{"title":"Asamblea de Aproinsecta en ASAJA Madrid - Proteinsecta","description":"Hacemos un resumen de nuestro paso por la Asamblea de Insecticultura organizada por Aproinsecta en las instalaciones de ASAJA Madrid. \u00a1Te lo contamos todo!","robots":{"index":"index","follow":"follow","max-snippet":"max-snippet:-1","max-image-preview":"max-image-preview:large","max-video-preview":"max-video-preview:-1"},"canonical":"https:\/\/www.proteinsecta.com\/en\/2019\/10\/16\/proteinsecta-asamblea-aproinsecta-en-asaja\/","og_locale":"en_US","og_type":"article","og_title":"Asamblea de Aproinsecta en ASAJA Madrid - Proteinsecta","og_description":"Hacemos un resumen de nuestro paso por la Asamblea de Insecticultura organizada por Aproinsecta en las instalaciones de ASAJA Madrid. \u00a1Te lo contamos todo!","og_url":"https:\/\/www.proteinsecta.com\/en\/2019\/10\/16\/proteinsecta-asamblea-aproinsecta-en-asaja\/","og_site_name":"Proteinsecta","article_publisher":"https:\/\/es-es.facebook.com\/proteinsecta\/","article_published_time":"2019-10-16T11:12:05+00:00","og_image":[{"width":795,"height":417,"url":"https:\/\/www.proteinsecta.com\/wp-content\/uploads\/2019\/10\/asamblea-aproinsecta.jpg","type":"image\/jpeg"}],"author":"Proteinsecta","twitter_card":"summary_large_image","twitter_misc":{"Written by":"Proteinsecta","Est. reading time":"5 minutes"},"schema":{"@context":"https:\/\/schema.org","@graph":[{"@type":"Article","@id":"https:\/\/www.proteinsecta.com\/2019\/10\/16\/proteinsecta-asamblea-aproinsecta-en-asaja\/#article","isPartOf":{"@id":"https:\/\/www.proteinsecta.com\/2019\/10\/16\/proteinsecta-asamblea-aproinsecta-en-asaja\/"},"author":{"name":"Proteinsecta","@id":"https:\/\/www.proteinsecta.com\/#\/schema\/person\/dc4ceb0feab68cadf376210f6f3acf18"},"headline":"Asamblea de Aproinsecta en ASAJA Madrid","datePublished":"2019-10-16T11:12:05+00:00","dateModified":"2019-10-16T11:12:05+00:00","mainEntityOfPage":{"@id":"https:\/\/www.proteinsecta.com\/2019\/10\/16\/proteinsecta-asamblea-aproinsecta-en-asaja\/"},"wordCount":964,"publisher":{"@id":"https:\/\/www.proteinsecta.com\/#organization"},"image":{"@id":"https:\/\/www.proteinsecta.com\/2019\/10\/16\/proteinsecta-asamblea-aproinsecta-en-asaja\/#primaryimage"},"thumbnailUrl":"https:\/\/www.proteinsecta.com\/wp-content\/uploads\/2019\/10\/asamblea-aproinsecta.jpg","articleSection":["C\u00f3mo criar insectos"],"inLanguage":"en-US"},{"@type":"WebPage","@id":"https:\/\/www.proteinsecta.com\/2019\/10\/16\/proteinsecta-asamblea-aproinsecta-en-asaja\/","url":"https:\/\/www.proteinsecta.com\/2019\/10\/16\/proteinsecta-asamblea-aproinsecta-en-asaja\/","name":"Asamblea de Aproinsecta en ASAJA Madrid - Proteinsecta","isPartOf":{"@id":"https:\/\/www.proteinsecta.com\/#website"},"primaryImageOfPage":{"@id":"https:\/\/www.proteinsecta.com\/2019\/10\/16\/proteinsecta-asamblea-aproinsecta-en-asaja\/#primaryimage"},"image":{"@id":"https:\/\/www.proteinsecta.com\/2019\/10\/16\/proteinsecta-asamblea-aproinsecta-en-asaja\/#primaryimage"},"thumbnailUrl":"https:\/\/www.proteinsecta.com\/wp-content\/uploads\/2019\/10\/asamblea-aproinsecta.jpg","datePublished":"2019-10-16T11:12:05+00:00","dateModified":"2019-10-16T11:12:05+00:00","description":"Hacemos un resumen de nuestro paso por la Asamblea de Insecticultura organizada por Aproinsecta en las instalaciones de ASAJA Madrid. \u00a1Te lo contamos todo!","breadcrumb":{"@id":"https:\/\/www.proteinsecta.com\/2019\/10\/16\/proteinsecta-asamblea-aproinsecta-en-asaja\/#breadcrumb"},"inLanguage":"en-US","potentialAction":[{"@type":"ReadAction","target":["https:\/\/www.proteinsecta.com\/2019\/10\/16\/proteinsecta-asamblea-aproinsecta-en-asaja\/"]}]},{"@type":"ImageObject","inLanguage":"en-US","@id":"https:\/\/www.proteinsecta.com\/2019\/10\/16\/proteinsecta-asamblea-aproinsecta-en-asaja\/#primaryimage","url":"https:\/\/www.proteinsecta.com\/wp-content\/uploads\/2019\/10\/asamblea-aproinsecta.jpg","contentUrl":"https:\/\/www.proteinsecta.com\/wp-content\/uploads\/2019\/10\/asamblea-aproinsecta.jpg","width":795,"height":417,"caption":"Proteinsecta participa en la Asamblea de Aproinsecta en ASAJA"},{"@type":"BreadcrumbList","@id":"https:\/\/www.proteinsecta.com\/2019\/10\/16\/proteinsecta-asamblea-aproinsecta-en-asaja\/#breadcrumb","itemListElement":[{"@type":"ListItem","position":1,"name":"Portada","item":"https:\/\/www.proteinsecta.com\/"},{"@type":"ListItem","position":2,"name":"Asamblea de Aproinsecta en ASAJA Madrid"}]},{"@type":"WebSite","@id":"https:\/\/www.proteinsecta.com\/#website","url":"https:\/\/www.proteinsecta.com\/","name":"Proteinsecta","description":"Expertos en granjas de insectos","publisher":{"@id":"https:\/\/www.proteinsecta.com\/#organization"},"alternateName":"Proteinsecta","potentialAction":[{"@type":"SearchAction","target":{"@type":"EntryPoint","urlTemplate":"https:\/\/www.proteinsecta.com\/?s={search_term_string}"},"query-input":{"@type":"PropertyValueSpecification","valueRequired":true,"valueName":"search_term_string"}}],"inLanguage":"en-US"},{"@type":"Organization","@id":"https:\/\/www.proteinsecta.com\/#organization","name":"Proteinsecta","url":"https:\/\/www.proteinsecta.com\/","logo":{"@type":"ImageObject","inLanguage":"en-US","@id":"https:\/\/www.proteinsecta.com\/#\/schema\/logo\/image\/","url":"https:\/\/www.proteinsecta.com\/wp-content\/uploads\/2023\/08\/Proteinsecta-Logo-y-Marca-Azul.svg","contentUrl":"https:\/\/www.proteinsecta.com\/wp-content\/uploads\/2023\/08\/Proteinsecta-Logo-y-Marca-Azul.svg","width":"1024","height":"1024","caption":"Proteinsecta"},"image":{"@id":"https:\/\/www.proteinsecta.com\/#\/schema\/logo\/image\/"},"sameAs":["https:\/\/es-es.facebook.com\/proteinsecta\/","https:\/\/www.instagram.com\/proteinsecta_oficial","https:\/\/es.linkedin.com\/company\/proteinsecta"]},{"@type":"Person","@id":"https:\/\/www.proteinsecta.com\/#\/schema\/person\/dc4ceb0feab68cadf376210f6f3acf18","name":"Proteinsecta","image":{"@type":"ImageObject","inLanguage":"en-US","@id":"https:\/\/www.proteinsecta.com\/#\/schema\/person\/image\/","url":"https:\/\/secure.gravatar.com\/avatar\/54455b52a2fd61c7845b7dbefaa4e333?s=96&d=mm&r=g","contentUrl":"https:\/\/secure.gravatar.com\/avatar\/54455b52a2fd61c7845b7dbefaa4e333?s=96&d=mm&r=g","caption":"Proteinsecta"},"sameAs":["http:\/\/proteinsecta.com"]}]}},"_links":{"self":[{"href":"https:\/\/www.proteinsecta.com\/en\/wp-json\/wp\/v2\/posts\/3116"}],"collection":[{"href":"https:\/\/www.proteinsecta.com\/en\/wp-json\/wp\/v2\/posts"}],"about":[{"href":"https:\/\/www.proteinsecta.com\/en\/wp-json\/wp\/v2\/types\/post"}],"author":[{"embeddable":true,"href":"https:\/\/www.proteinsecta.com\/en\/wp-json\/wp\/v2\/users\/2"}],"replies":[{"embeddable":true,"href":"https:\/\/www.proteinsecta.com\/en\/wp-json\/wp\/v2\/comments?post=3116"}],"version-history":[{"count":0,"href":"https:\/\/www.proteinsecta.com\/en\/wp-json\/wp\/v2\/posts\/3116\/revisions"}],"wp:featuredmedia":[{"embeddable":true,"href":"https:\/\/www.proteinsecta.com\/en\/wp-json\/wp\/v2\/media\/3119"}],"wp:attachment":[{"href":"https:\/\/www.proteinsecta.com\/en\/wp-json\/wp\/v2\/media?parent=3116"}],"wp:term":[{"taxonomy":"category","embeddable":true,"href":"https:\/\/www.proteinsecta.com\/en\/wp-json\/wp\/v2\/categories?post=3116"},{"taxonomy":"post_tag","embeddable":true,"href":"https:\/\/www.proteinsecta.com\/en\/wp-json\/wp\/v2\/tags?post=3116"}],"curies":[{"name":"wp","href":"https:\/\/api.w.org\/{rel}","templated":true}]}}